{"id":31482,"date":"2018-06-20T07:54:28","date_gmt":"2018-06-20T10:54:28","guid":{"rendered":"http:\/\/www.portalmantena.com.br\/novo\/?p=31482"},"modified":"2018-06-20T07:54:28","modified_gmt":"2018-06-20T10:54:28","slug":"carga-vai-interditar-completamente-a-br-381-nesta-quarta","status":"publish","type":"post","link":"http:\/\/www.portalmantena.com.br\/novo\/?p=31482","title":{"rendered":"Carga vai interditar completamente a BR 381 nesta quarta"},"content":{"rendered":"<p><a href=\"http:\/\/www.portalmantena.com.br\/novo\/wp-content\/uploads\/2018\/06\/no200618maquina.jpg\"><img loading=\"lazy\" class=\"alignnone size-full wp-image-31483\" src=\"http:\/\/www.portalmantena.com.br\/novo\/wp-content\/uploads\/2018\/06\/no200618maquina.jpg\" alt=\"\" width=\"700\" height=\"450\" srcset=\"http:\/\/www.portalmantena.com.br\/novo\/wp-content\/uploads\/2018\/06\/no200618maquina.jpg 700w, http:\/\/www.portalmantena.com.br\/novo\/wp-content\/uploads\/2018\/06\/no200618maquina-300x193.jpg 300w, http:\/\/www.portalmantena.com.br\/novo\/wp-content\/uploads\/2018\/06\/no200618maquina-696x447.jpg 696w, http:\/\/www.portalmantena.com.br\/novo\/wp-content\/uploads\/2018\/06\/no200618maquina-653x420.jpg 653w\" sizes=\"(max-width: 700px) 100vw, 700px\" \/><\/a><\/p>\n<p><span style=\"font-size: 14pt;\">Motoristas que passam pela BR-381, entre Belo Horizonte e o Esp\u00edrito Santo, devem ter aten\u00e7\u00e3o e paci\u00eancia. O transporte de uma carga com excesso de peso e largura vai interditar a rodovia nesta quarta-feira. <\/span><\/p>\n<p><span style=\"font-size: 14pt;\">O ve\u00edculo que levar\u00e1 o material come\u00e7ar\u00e1 a trafegar ainda de manh\u00e3 e vai seguir at\u00e9 Jo\u00e3o Monlevade, na Regi\u00e3o Central de Minas Gerais. N\u00e3o h\u00e1 previs\u00e3o para a libera\u00e7\u00e3o da via. <\/span><\/p>\n<p><span style=\"font-size: 14pt;\">Os condutores devem evitar trafegar pela estrada.\u00a0De acordo com a Pol\u00edcia Rodovi\u00e1ria Federal (PRF), o ve\u00edculo sair\u00e1 do km 460 do Anel Rodovi\u00e1rio. A previs\u00e3o \u00e9 que comece a trafegar por volta das 9h. Durante o percurso, que ser\u00e1 feito com escolta dos agentes da PRF, ser\u00e1 necess\u00e1rio o fechamento total da rodovia.\u00a0A pe\u00e7a transportada \u00e9 chamada de \u201cManifold pr\u00e9-sal\u201d.\u00a0 <\/span><\/p>\n<p><span style=\"font-size: 14pt;\">O fechamento da rodovia ser\u00e1 necess\u00e1rio devido ao excesso de largura e peso do material. <\/span><\/p>\n<p><span style=\"font-size: 14pt;\">O objeto tem aproximadamente oito metros de largura. Em alguns trechos, \u00e9 mais larga que a pr\u00f3pria pista.\u00a0Opera\u00e7\u00e3o semelhante aconteceu nessa segunda-feira.<\/span><\/p>\n<p><span style=\"font-size: 14pt;\"> A BR-381, entre Nova Uni\u00e3o, na Regi\u00e3o Central de Minas, e Belo Horizonte, foi totalmente interditado para o transporte de tr\u00eas cargas com excesso de largura. (fone:EM\/Foto:PRFdivulga\u00e7\u00e3o).<\/span><\/p>\n<p>&nbsp;<\/p>\n<p><span style=\"font-size: 10pt;\">ESPA\u00c7O EMPRESARIAL<\/span><a href=\"http:\/\/www.molvw.com.br\/\"><img loading=\"lazy\" class=\"alignnone size-full wp-image-29504\" src=\"http:\/\/www.portalmantena.com.br\/novo\/wp-content\/uploads\/2018\/05\/molvolkswagen.jpg\" alt=\"\" width=\"700\" height=\"150\" srcset=\"http:\/\/www.portalmantena.com.br\/novo\/wp-content\/uploads\/2018\/05\/molvolkswagen.jpg 700w, http:\/\/www.portalmantena.com.br\/novo\/wp-content\/uploads\/2018\/05\/molvolkswagen-300x64.jpg 300w, http:\/\/www.portalmantena.com.br\/novo\/wp-content\/uploads\/2018\/05\/molvolkswagen-696x150.jpg 696w\" sizes=\"(max-width: 700px) 100vw, 700px\" \/><\/a><\/p>\n","protected":false},"excerpt":{"rendered":"<p>Motoristas que passam pela BR-381, entre Belo Horizonte e o Esp\u00edrito Santo, devem ter aten\u00e7\u00e3o e paci\u00eancia. O transporte de uma carga com excesso de peso e largura vai interditar a rodovia nesta quarta-feira. O ve\u00edculo que levar\u00e1 o material come\u00e7ar\u00e1 a trafegar ainda de manh\u00e3 e vai seguir at\u00e9 Jo\u00e3o Monlevade, na Regi\u00e3o Central [&hellip;]<\/p>\n","protected":false},"author":1,"featured_media":31483,"comment_status":"open","ping_status":"open","sticky":false,"template":"","format":"standard","meta":[],"categories":[11,39],"tags":[],"_links":{"self":[{"href":"http:\/\/www.portalmantena.com.br\/novo\/index.php?rest_route=\/wp\/v2\/posts\/31482"}],"collection":[{"href":"http:\/\/www.portalmantena.com.br\/novo\/index.php?rest_route=\/wp\/v2\/posts"}],"about":[{"href":"http:\/\/www.portalmantena.com.br\/novo\/index.php?rest_route=\/wp\/v2\/types\/post"}],"author":[{"embeddable":true,"href":"http:\/\/www.portalmantena.com.br\/novo\/index.php?rest_route=\/wp\/v2\/users\/1"}],"replies":[{"embeddable":true,"href":"http:\/\/www.portalmantena.com.br\/novo\/index.php?rest_route=%2Fwp%2Fv2%2Fcomments&post=31482"}],"version-history":[{"count":1,"href":"http:\/\/www.portalmantena.com.br\/novo\/index.php?rest_route=\/wp\/v2\/posts\/31482\/revisions"}],"predecessor-version":[{"id":31484,"href":"http:\/\/www.portalmantena.com.br\/novo\/index.php?rest_route=\/wp\/v2\/posts\/31482\/revisions\/31484"}],"wp:featuredmedia":[{"embeddable":true,"href":"http:\/\/www.portalmantena.com.br\/novo\/index.php?rest_route=\/wp\/v2\/media\/31483"}],"wp:attachment":[{"href":"http:\/\/www.portalmantena.com.br\/novo\/index.php?rest_route=%2Fwp%2Fv2%2Fmedia&parent=31482"}],"wp:term":[{"taxonomy":"category","embeddable":true,"href":"http:\/\/www.portalmantena.com.br\/novo\/index.php?rest_route=%2Fwp%2Fv2%2Fcategories&post=31482"},{"taxonomy":"post_tag","embeddable":true,"href":"http:\/\/www.portalmantena.com.br\/novo\/index.php?rest_route=%2Fwp%2Fv2%2Ftags&post=31482"}],"curies":[{"name":"wp","href":"https:\/\/api.w.org\/{rel}","templated":true}]}}