{"id":30342,"date":"2018-06-06T18:19:36","date_gmt":"2018-06-06T21:19:36","guid":{"rendered":"http:\/\/www.portalmantena.com.br\/novo\/?p=30342"},"modified":"2018-06-06T18:19:36","modified_gmt":"2018-06-06T21:19:36","slug":"iasmin-voz-e-violao-inedito-na-churrascaria-do-zezinho","status":"publish","type":"post","link":"http:\/\/www.portalmantena.com.br\/novo\/?p=30342","title":{"rendered":"Iasmin voz e viol\u00e3o, in\u00e9dito na Churrascaria do Zezinho"},"content":{"rendered":"<p><a href=\"http:\/\/www.portalmantena.com.br\/novo\/wp-content\/uploads\/2018\/06\/no060618iasmin.jpg\"><img loading=\"lazy\" class=\"alignnone size-full wp-image-30343\" src=\"http:\/\/www.portalmantena.com.br\/novo\/wp-content\/uploads\/2018\/06\/no060618iasmin.jpg\" alt=\"\" width=\"700\" height=\"450\" srcset=\"http:\/\/www.portalmantena.com.br\/novo\/wp-content\/uploads\/2018\/06\/no060618iasmin.jpg 700w, http:\/\/www.portalmantena.com.br\/novo\/wp-content\/uploads\/2018\/06\/no060618iasmin-300x193.jpg 300w, http:\/\/www.portalmantena.com.br\/novo\/wp-content\/uploads\/2018\/06\/no060618iasmin-696x447.jpg 696w, http:\/\/www.portalmantena.com.br\/novo\/wp-content\/uploads\/2018\/06\/no060618iasmin-653x420.jpg 653w\" sizes=\"(max-width: 700px) 100vw, 700px\" \/><\/a><\/p>\n<p><span style=\"font-size: 14pt;\">A jovem e talentosa cantora mantenense Iasmin, est\u00e1 passando alguns dias em sua terra natal Mantena, e nestes dias visitando os familiares e amigos, n\u00e3o poderia deixar de compartilhar ao vivo com seus amigos e f\u00e3s do seu talento, as can\u00e7\u00f5es que tanto est\u00e3o evidenciando sua carreira de jovem cantora. <\/span><\/p>\n<p><span style=\"font-size: 14pt;\">Ali\u00e1s, as novidades do seu repert\u00f3rio ser\u00e3o apresentadas aos amigos mantenenses nesta quinta-feira dia 07 de Junho no espa\u00e7o cultural da Churrascaria do Zezinho, no bairro Nicolini a partir das 21 horas.<\/span><\/p>\n<p><span style=\"font-size: 14pt;\"> Al\u00e9m do seu repert\u00f3rio de interprete, vem ai novidade, ela com certeza apresentar\u00e1 m\u00fasicas de sua autoria, buscando assim sua afirma\u00e7\u00e3o tamb\u00e9m como compositora.<\/span><\/p>\n<p><span style=\"font-size: 14pt;\"> Cantando o melhor da MPB, um estilo que ela gosta, a noite promete ser de muitas lindas can\u00e7\u00f5es, com Iasmin ao viol\u00e3o. Reservas de mesas est\u00e3o sendo feitas pelos telefones (33) 9 8704-6487 e (27) 9 9656-0506.<\/span><\/p>\n<p>&nbsp;<\/p>\n<p><span style=\"font-size: 10pt;\">ESPA\u00c7O EMPRESARIAL<\/span><img loading=\"lazy\" class=\"alignnone size-full wp-image-30339\" src=\"http:\/\/www.portalmantena.com.br\/novo\/wp-content\/uploads\/2018\/05\/casadastintas.jpg\" alt=\"\" width=\"700\" height=\"150\" srcset=\"http:\/\/www.portalmantena.com.br\/novo\/wp-content\/uploads\/2018\/05\/casadastintas.jpg 700w, http:\/\/www.portalmantena.com.br\/novo\/wp-content\/uploads\/2018\/05\/casadastintas-300x64.jpg 300w, http:\/\/www.portalmantena.com.br\/novo\/wp-content\/uploads\/2018\/05\/casadastintas-696x150.jpg 696w\" sizes=\"(max-width: 700px) 100vw, 700px\" \/><\/p>\n","protected":false},"excerpt":{"rendered":"<p>A jovem e talentosa cantora mantenense Iasmin, est\u00e1 passando alguns dias em sua terra natal Mantena, e nestes dias visitando os familiares e amigos, n\u00e3o poderia deixar de compartilhar ao vivo com seus amigos e f\u00e3s do seu talento, as can\u00e7\u00f5es que tanto est\u00e3o evidenciando sua carreira de jovem cantora. Ali\u00e1s, as novidades do seu [&hellip;]<\/p>\n","protected":false},"author":1,"featured_media":30343,"comment_status":"open","ping_status":"open","sticky":false,"template":"","format":"standard","meta":[],"categories":[36,12],"tags":[],"_links":{"self":[{"href":"http:\/\/www.portalmantena.com.br\/novo\/index.php?rest_route=\/wp\/v2\/posts\/30342"}],"collection":[{"href":"http:\/\/www.portalmantena.com.br\/novo\/index.php?rest_route=\/wp\/v2\/posts"}],"about":[{"href":"http:\/\/www.portalmantena.com.br\/novo\/index.php?rest_route=\/wp\/v2\/types\/post"}],"author":[{"embeddable":true,"href":"http:\/\/www.portalmantena.com.br\/novo\/index.php?rest_route=\/wp\/v2\/users\/1"}],"replies":[{"embeddable":true,"href":"http:\/\/www.portalmantena.com.br\/novo\/index.php?rest_route=%2Fwp%2Fv2%2Fcomments&post=30342"}],"version-history":[{"count":1,"href":"http:\/\/www.portalmantena.com.br\/novo\/index.php?rest_route=\/wp\/v2\/posts\/30342\/revisions"}],"predecessor-version":[{"id":30345,"href":"http:\/\/www.portalmantena.com.br\/novo\/index.php?rest_route=\/wp\/v2\/posts\/30342\/revisions\/30345"}],"wp:featuredmedia":[{"embeddable":true,"href":"http:\/\/www.portalmantena.com.br\/novo\/index.php?rest_route=\/wp\/v2\/media\/30343"}],"wp:attachment":[{"href":"http:\/\/www.portalmantena.com.br\/novo\/index.php?rest_route=%2Fwp%2Fv2%2Fmedia&parent=30342"}],"wp:term":[{"taxonomy":"category","embeddable":true,"href":"http:\/\/www.portalmantena.com.br\/novo\/index.php?rest_route=%2Fwp%2Fv2%2Fcategories&post=30342"},{"taxonomy":"post_tag","embeddable":true,"href":"http:\/\/www.portalmantena.com.br\/novo\/index.php?rest_route=%2Fwp%2Fv2%2Ftags&post=30342"}],"curies":[{"name":"wp","href":"https:\/\/api.w.org\/{rel}","templated":true}]}}