{"id":30330,"date":"2018-06-06T03:10:42","date_gmt":"2018-06-06T06:10:42","guid":{"rendered":"http:\/\/www.portalmantena.com.br\/novo\/?p=30330"},"modified":"2018-06-06T13:12:56","modified_gmt":"2018-06-06T16:12:56","slug":"saae-faz-intervencao-na-eta-e-pede-consumo-consciente","status":"publish","type":"post","link":"http:\/\/www.portalmantena.com.br\/novo\/?p=30330","title":{"rendered":"SAAE faz interven\u00e7\u00e3o na ETA, e pede consumo consciente"},"content":{"rendered":"<p><a href=\"http:\/\/www.portalmantena.com.br\/novo\/wp-content\/uploads\/2018\/06\/no060618saae.jpg\"><img loading=\"lazy\" class=\"alignnone size-full wp-image-30331\" src=\"http:\/\/www.portalmantena.com.br\/novo\/wp-content\/uploads\/2018\/06\/no060618saae.jpg\" alt=\"\" width=\"700\" height=\"450\" srcset=\"http:\/\/www.portalmantena.com.br\/novo\/wp-content\/uploads\/2018\/06\/no060618saae.jpg 700w, http:\/\/www.portalmantena.com.br\/novo\/wp-content\/uploads\/2018\/06\/no060618saae-300x193.jpg 300w, http:\/\/www.portalmantena.com.br\/novo\/wp-content\/uploads\/2018\/06\/no060618saae-696x447.jpg 696w, http:\/\/www.portalmantena.com.br\/novo\/wp-content\/uploads\/2018\/06\/no060618saae-653x420.jpg 653w\" sizes=\"(max-width: 700px) 100vw, 700px\" \/><\/a><\/p>\n<p><span style=\"font-size: 14pt;\">O SAAE de Mantena informa \u00e0 popula\u00e7\u00e3o que amanh\u00e3 que nesta quarta-feira dia 06 de Junho, realizar\u00e1 procedimentos na Esta\u00e7\u00e3o de Tratamento de \u00c1gua para o desenvolvimento de um Projeto de melhorias e amplia\u00e7\u00e3o da capacidade nominal do Sistema de Tratamento de \u00c1gua em Mantena. <\/span><\/p>\n<p><span style=\"font-size: 14pt;\">Em fun\u00e7\u00e3o destes procedimentos, haver\u00e1 a paraliza\u00e7\u00e3o moment\u00e2nea no tratamento de \u00e1gua, e certamente a press\u00e3o na rede poder\u00e1 sofrer diminui\u00e7\u00e3o, ocasionando lentid\u00e3o no abastecimento principalmente nas partes altas da cidade.<\/span><\/p>\n<p><span style=\"font-size: 14pt;\"> O SAAE informa que este \u00e9 um procedimento programado e ser\u00e1 realizado na 4\u00aa feira, (dia 06\/06\/2018) para n\u00e3o comprometer os afazeres dom\u00e9sticos como faxinas, lavagem de roupas, limpeza da casa, rotinas geralmente feitas nos finais de semana. <\/span><\/p>\n<p><span style=\"font-size: 14pt;\">Para tanto, a dire\u00e7\u00e3o do SAAE pede \u00e0 popula\u00e7\u00e3o que fa\u00e7a o consumo consciente neste per\u00edodo, economize \u00e1gua nesta quarta-feira para que as partes altas da cidade n\u00e3o sejam comprometidas durante os procedimentos que ser\u00e3o realizados na ETA.<\/span><\/p>\n<p>&nbsp;<\/p>\n<p><span style=\"font-size: 10pt;\">ESPA\u00c7O EMPRESARIAL<\/span><a href=\"http:\/\/www.portalmantena.com.br\/novo\/wp-content\/uploads\/2018\/05\/postoterraboa.jpg\"><img loading=\"lazy\" class=\"alignnone size-full wp-image-29172\" src=\"http:\/\/www.portalmantena.com.br\/novo\/wp-content\/uploads\/2018\/05\/postoterraboa.jpg\" alt=\"\" width=\"700\" height=\"150\" srcset=\"http:\/\/www.portalmantena.com.br\/novo\/wp-content\/uploads\/2018\/05\/postoterraboa.jpg 700w, http:\/\/www.portalmantena.com.br\/novo\/wp-content\/uploads\/2018\/05\/postoterraboa-300x64.jpg 300w, http:\/\/www.portalmantena.com.br\/novo\/wp-content\/uploads\/2018\/05\/postoterraboa-696x150.jpg 696w\" sizes=\"(max-width: 700px) 100vw, 700px\" \/><\/a><\/p>\n","protected":false},"excerpt":{"rendered":"<p>O SAAE de Mantena informa \u00e0 popula\u00e7\u00e3o que amanh\u00e3 que nesta quarta-feira dia 06 de Junho, realizar\u00e1 procedimentos na Esta\u00e7\u00e3o de Tratamento de \u00c1gua para o desenvolvimento de um Projeto de melhorias e amplia\u00e7\u00e3o da capacidade nominal do Sistema de Tratamento de \u00c1gua em Mantena. Em fun\u00e7\u00e3o destes procedimentos, haver\u00e1 a paraliza\u00e7\u00e3o moment\u00e2nea no tratamento [&hellip;]<\/p>\n","protected":false},"author":1,"featured_media":30331,"comment_status":"open","ping_status":"open","sticky":false,"template":"","format":"standard","meta":[],"categories":[36,11],"tags":[],"_links":{"self":[{"href":"http:\/\/www.portalmantena.com.br\/novo\/index.php?rest_route=\/wp\/v2\/posts\/30330"}],"collection":[{"href":"http:\/\/www.portalmantena.com.br\/novo\/index.php?rest_route=\/wp\/v2\/posts"}],"about":[{"href":"http:\/\/www.portalmantena.com.br\/novo\/index.php?rest_route=\/wp\/v2\/types\/post"}],"author":[{"embeddable":true,"href":"http:\/\/www.portalmantena.com.br\/novo\/index.php?rest_route=\/wp\/v2\/users\/1"}],"replies":[{"embeddable":true,"href":"http:\/\/www.portalmantena.com.br\/novo\/index.php?rest_route=%2Fwp%2Fv2%2Fcomments&post=30330"}],"version-history":[{"count":1,"href":"http:\/\/www.portalmantena.com.br\/novo\/index.php?rest_route=\/wp\/v2\/posts\/30330\/revisions"}],"predecessor-version":[{"id":30333,"href":"http:\/\/www.portalmantena.com.br\/novo\/index.php?rest_route=\/wp\/v2\/posts\/30330\/revisions\/30333"}],"wp:featuredmedia":[{"embeddable":true,"href":"http:\/\/www.portalmantena.com.br\/novo\/index.php?rest_route=\/wp\/v2\/media\/30331"}],"wp:attachment":[{"href":"http:\/\/www.portalmantena.com.br\/novo\/index.php?rest_route=%2Fwp%2Fv2%2Fmedia&parent=30330"}],"wp:term":[{"taxonomy":"category","embeddable":true,"href":"http:\/\/www.portalmantena.com.br\/novo\/index.php?rest_route=%2Fwp%2Fv2%2Fcategories&post=30330"},{"taxonomy":"post_tag","embeddable":true,"href":"http:\/\/www.portalmantena.com.br\/novo\/index.php?rest_route=%2Fwp%2Fv2%2Ftags&post=30330"}],"curies":[{"name":"wp","href":"https:\/\/api.w.org\/{rel}","templated":true}]}}