{"id":30327,"date":"2018-06-06T10:32:32","date_gmt":"2018-06-06T13:32:32","guid":{"rendered":"http:\/\/www.portalmantena.com.br\/novo\/?p=30327"},"modified":"2018-06-06T11:33:33","modified_gmt":"2018-06-06T14:33:33","slug":"empresario-mantenense-comemorando-aniversario-parabens-2","status":"publish","type":"post","link":"http:\/\/www.portalmantena.com.br\/novo\/?p=30327","title":{"rendered":"Empres\u00e1rio mantenense comemorando anivers\u00e1rio, parab\u00e9ns"},"content":{"rendered":"<p><a href=\"http:\/\/www.portalmantena.com.br\/novo\/wp-content\/uploads\/2018\/06\/vi060618gilmar.jpg\"><img loading=\"lazy\" class=\"alignnone size-full wp-image-30328\" src=\"http:\/\/www.portalmantena.com.br\/novo\/wp-content\/uploads\/2018\/06\/vi060618gilmar.jpg\" alt=\"\" width=\"700\" height=\"450\" srcset=\"http:\/\/www.portalmantena.com.br\/novo\/wp-content\/uploads\/2018\/06\/vi060618gilmar.jpg 700w, http:\/\/www.portalmantena.com.br\/novo\/wp-content\/uploads\/2018\/06\/vi060618gilmar-300x193.jpg 300w, http:\/\/www.portalmantena.com.br\/novo\/wp-content\/uploads\/2018\/06\/vi060618gilmar-696x447.jpg 696w, http:\/\/www.portalmantena.com.br\/novo\/wp-content\/uploads\/2018\/06\/vi060618gilmar-653x420.jpg 653w\" sizes=\"(max-width: 700px) 100vw, 700px\" \/><\/a><\/p>\n<p><span style=\"font-size: 14pt;\">Quem tamb\u00e9m sopra velinhas nesta quarta-feira dia 06 de Junho, \u00e9 o nosso amigo, o empres\u00e1rio mantenense Gilmar de Souza, o Gilmar do Material de Constru\u00e7\u00e3o. <\/span><\/p>\n<p><span style=\"font-size: 14pt;\">Um dia mais que especial em sua vida, e o nosso pedido a Deus \u00e9 que continue lhe aben\u00e7oando e protegendo, parab\u00e9ns amigo por mais este dia especial, dia de gratid\u00e3o a Deus por mais um ano de b\u00ean\u00e7\u00e3os.<\/span><\/p>\n<p>&nbsp;<\/p>\n<p><span style=\"font-size: 10pt;\">ESPA\u00c7O EMPRESARIAL<\/span><a href=\"http:\/\/www.portalmantena.com.br\/novo\/?p=30194\"><img src=\"http:\/\/www.portalmantena.com.br\/novo\/wp-content\/uploads\/2018\/06\/uni040618p-1.jpg\" \/><\/a><\/p>\n","protected":false},"excerpt":{"rendered":"<p>Quem tamb\u00e9m sopra velinhas nesta quarta-feira dia 06 de Junho, \u00e9 o nosso amigo, o empres\u00e1rio mantenense Gilmar de Souza, o Gilmar do Material de Constru\u00e7\u00e3o. Um dia mais que especial em sua vida, e o nosso pedido a Deus \u00e9 que continue lhe aben\u00e7oando e protegendo, parab\u00e9ns amigo por mais este dia especial, dia [&hellip;]<\/p>\n","protected":false},"author":1,"featured_media":30328,"comment_status":"open","ping_status":"open","sticky":false,"template":"","format":"standard","meta":[],"categories":[7],"tags":[],"_links":{"self":[{"href":"http:\/\/www.portalmantena.com.br\/novo\/index.php?rest_route=\/wp\/v2\/posts\/30327"}],"collection":[{"href":"http:\/\/www.portalmantena.com.br\/novo\/index.php?rest_route=\/wp\/v2\/posts"}],"about":[{"href":"http:\/\/www.portalmantena.com.br\/novo\/index.php?rest_route=\/wp\/v2\/types\/post"}],"author":[{"embeddable":true,"href":"http:\/\/www.portalmantena.com.br\/novo\/index.php?rest_route=\/wp\/v2\/users\/1"}],"replies":[{"embeddable":true,"href":"http:\/\/www.portalmantena.com.br\/novo\/index.php?rest_route=%2Fwp%2Fv2%2Fcomments&post=30327"}],"version-history":[{"count":1,"href":"http:\/\/www.portalmantena.com.br\/novo\/index.php?rest_route=\/wp\/v2\/posts\/30327\/revisions"}],"predecessor-version":[{"id":30329,"href":"http:\/\/www.portalmantena.com.br\/novo\/index.php?rest_route=\/wp\/v2\/posts\/30327\/revisions\/30329"}],"wp:featuredmedia":[{"embeddable":true,"href":"http:\/\/www.portalmantena.com.br\/novo\/index.php?rest_route=\/wp\/v2\/media\/30328"}],"wp:attachment":[{"href":"http:\/\/www.portalmantena.com.br\/novo\/index.php?rest_route=%2Fwp%2Fv2%2Fmedia&parent=30327"}],"wp:term":[{"taxonomy":"category","embeddable":true,"href":"http:\/\/www.portalmantena.com.br\/novo\/index.php?rest_route=%2Fwp%2Fv2%2Fcategories&post=30327"},{"taxonomy":"post_tag","embeddable":true,"href":"http:\/\/www.portalmantena.com.br\/novo\/index.php?rest_route=%2Fwp%2Fv2%2Ftags&post=30327"}],"curies":[{"name":"wp","href":"https:\/\/api.w.org\/{rel}","templated":true}]}}