{"id":30319,"date":"2018-06-06T08:58:07","date_gmt":"2018-06-06T11:58:07","guid":{"rendered":"http:\/\/www.portalmantena.com.br\/novo\/?p=30319"},"modified":"2018-06-06T08:58:40","modified_gmt":"2018-06-06T11:58:40","slug":"06jun-escola-em-nazario-entra-no-clima-do-aniversario-de-mantena","status":"publish","type":"post","link":"http:\/\/www.portalmantena.com.br\/novo\/?p=30319","title":{"rendered":"06JUN &#8211; Escola em Naz\u00e1rio entra no clima de Anivers\u00e1rio"},"content":{"rendered":"<p><strong><a href=\"http:\/\/www.portalmantena.com.br\/novo\/wp-content\/uploads\/2017\/06\/diabaner-1.jpg\"><img loading=\"lazy\" class=\"alignnone size-full wp-image-8000\" src=\"http:\/\/www.portalmantena.com.br\/novo\/wp-content\/uploads\/2017\/06\/diabaner-1.jpg\" alt=\"\" width=\"650\" height=\"100\" srcset=\"http:\/\/www.portalmantena.com.br\/novo\/wp-content\/uploads\/2017\/06\/diabaner-1.jpg 650w, http:\/\/www.portalmantena.com.br\/novo\/wp-content\/uploads\/2017\/06\/diabaner-1-300x46.jpg 300w\" sizes=\"(max-width: 650px) 100vw, 650px\" \/><\/a><\/strong><a href=\"http:\/\/www.portalmantena.com.br\/novo\/wp-content\/uploads\/2018\/06\/dia060618a.jpg\"><img loading=\"lazy\" class=\"alignnone size-full wp-image-30320\" src=\"http:\/\/www.portalmantena.com.br\/novo\/wp-content\/uploads\/2018\/06\/dia060618a.jpg\" alt=\"\" width=\"700\" height=\"450\" srcset=\"http:\/\/www.portalmantena.com.br\/novo\/wp-content\/uploads\/2018\/06\/dia060618a.jpg 700w, http:\/\/www.portalmantena.com.br\/novo\/wp-content\/uploads\/2018\/06\/dia060618a-300x193.jpg 300w, http:\/\/www.portalmantena.com.br\/novo\/wp-content\/uploads\/2018\/06\/dia060618a-696x447.jpg 696w, http:\/\/www.portalmantena.com.br\/novo\/wp-content\/uploads\/2018\/06\/dia060618a-653x420.jpg 653w\" sizes=\"(max-width: 700px) 100vw, 700px\" \/><\/a><\/p>\n<p><strong>06 de Junho<\/strong>\u00a0&#8211; A Escola Municipal Jamiro Batista, situada no povoado do Naz\u00e1rio, j\u00e1 est\u00e1 em clima de Anivers\u00e1rio da Cidade de Mantena.<\/p>\n<p>No pr\u00f3ximo dia 13 de Junho Mantena completar\u00e1 75 anos de Emancipa\u00e7\u00e3o Pol\u00edtica, e com o objetivo de levar conhecimento e ainda forma\u00e7\u00e3o cultural e hist\u00f3rica em seus alunos, um belo painel foi montado nas depend\u00eancias da Escola, al\u00e9m \u00e9 claro de um projeto sobre o assunto que ser\u00e1 apresentado em breve.<\/p>\n<p>&nbsp;<\/p>\n<p><span style=\"font-size: 10pt;\">ESPA\u00c7O EMPRESARIAL<\/span><a href=\"http:\/\/www.portalmantena.com.br\/novo\/wp-content\/uploads\/2018\/05\/cafebonzonfaixa.jpg\"><img loading=\"lazy\" class=\"alignnone size-full wp-image-29162\" src=\"http:\/\/www.portalmantena.com.br\/novo\/wp-content\/uploads\/2018\/05\/cafebonzonfaixa.jpg\" alt=\"\" width=\"700\" height=\"150\" srcset=\"http:\/\/www.portalmantena.com.br\/novo\/wp-content\/uploads\/2018\/05\/cafebonzonfaixa.jpg 700w, http:\/\/www.portalmantena.com.br\/novo\/wp-content\/uploads\/2018\/05\/cafebonzonfaixa-300x64.jpg 300w, http:\/\/www.portalmantena.com.br\/novo\/wp-content\/uploads\/2018\/05\/cafebonzonfaixa-696x150.jpg 696w\" sizes=\"(max-width: 700px) 100vw, 700px\" \/><\/a><\/p>\n","protected":false},"excerpt":{"rendered":"<p>06 de Junho\u00a0&#8211; A Escola Municipal Jamiro Batista, situada no povoado do Naz\u00e1rio, j\u00e1 est\u00e1 em clima de Anivers\u00e1rio da Cidade de Mantena. No pr\u00f3ximo dia 13 de Junho Mantena completar\u00e1 75 anos de Emancipa\u00e7\u00e3o Pol\u00edtica, e com o objetivo de levar conhecimento e ainda forma\u00e7\u00e3o cultural e hist\u00f3rica em seus alunos, um belo painel [&hellip;]<\/p>\n","protected":false},"author":1,"featured_media":30320,"comment_status":"open","ping_status":"open","sticky":false,"template":"","format":"standard","meta":[],"categories":[50],"tags":[],"_links":{"self":[{"href":"http:\/\/www.portalmantena.com.br\/novo\/index.php?rest_route=\/wp\/v2\/posts\/30319"}],"collection":[{"href":"http:\/\/www.portalmantena.com.br\/novo\/index.php?rest_route=\/wp\/v2\/posts"}],"about":[{"href":"http:\/\/www.portalmantena.com.br\/novo\/index.php?rest_route=\/wp\/v2\/types\/post"}],"author":[{"embeddable":true,"href":"http:\/\/www.portalmantena.com.br\/novo\/index.php?rest_route=\/wp\/v2\/users\/1"}],"replies":[{"embeddable":true,"href":"http:\/\/www.portalmantena.com.br\/novo\/index.php?rest_route=%2Fwp%2Fv2%2Fcomments&post=30319"}],"version-history":[{"count":3,"href":"http:\/\/www.portalmantena.com.br\/novo\/index.php?rest_route=\/wp\/v2\/posts\/30319\/revisions"}],"predecessor-version":[{"id":30323,"href":"http:\/\/www.portalmantena.com.br\/novo\/index.php?rest_route=\/wp\/v2\/posts\/30319\/revisions\/30323"}],"wp:featuredmedia":[{"embeddable":true,"href":"http:\/\/www.portalmantena.com.br\/novo\/index.php?rest_route=\/wp\/v2\/media\/30320"}],"wp:attachment":[{"href":"http:\/\/www.portalmantena.com.br\/novo\/index.php?rest_route=%2Fwp%2Fv2%2Fmedia&parent=30319"}],"wp:term":[{"taxonomy":"category","embeddable":true,"href":"http:\/\/www.portalmantena.com.br\/novo\/index.php?rest_route=%2Fwp%2Fv2%2Fcategories&post=30319"},{"taxonomy":"post_tag","embeddable":true,"href":"http:\/\/www.portalmantena.com.br\/novo\/index.php?rest_route=%2Fwp%2Fv2%2Ftags&post=30319"}],"curies":[{"name":"wp","href":"https:\/\/api.w.org\/{rel}","templated":true}]}}