{"id":30315,"date":"2018-06-06T08:47:21","date_gmt":"2018-06-06T11:47:21","guid":{"rendered":"http:\/\/www.portalmantena.com.br\/novo\/?p=30315"},"modified":"2018-06-06T08:47:21","modified_gmt":"2018-06-06T11:47:21","slug":"pm-prende-quadrilha-que-assaltou-correios-em-divino-das-laranjeiras","status":"publish","type":"post","link":"http:\/\/www.portalmantena.com.br\/novo\/?p=30315","title":{"rendered":"PM prende quadrilha que assaltou correios em Divino das Laranjeiras"},"content":{"rendered":"<p><a href=\"http:\/\/www.portalmantena.com.br\/novo\/wp-content\/uploads\/2018\/06\/no060618pm1.jpg\"><img loading=\"lazy\" class=\"alignnone size-full wp-image-30316\" src=\"http:\/\/www.portalmantena.com.br\/novo\/wp-content\/uploads\/2018\/06\/no060618pm1.jpg\" alt=\"\" width=\"700\" height=\"450\" srcset=\"http:\/\/www.portalmantena.com.br\/novo\/wp-content\/uploads\/2018\/06\/no060618pm1.jpg 700w, http:\/\/www.portalmantena.com.br\/novo\/wp-content\/uploads\/2018\/06\/no060618pm1-300x193.jpg 300w, http:\/\/www.portalmantena.com.br\/novo\/wp-content\/uploads\/2018\/06\/no060618pm1-696x447.jpg 696w, http:\/\/www.portalmantena.com.br\/novo\/wp-content\/uploads\/2018\/06\/no060618pm1-653x420.jpg 653w\" sizes=\"(max-width: 700px) 100vw, 700px\" \/><\/a><\/p>\n<p><span style=\"font-size: 14pt;\">Os militares da fra\u00e7\u00e3o da PM que trabalha em Divino das Laranjeiras foram acionados nesta ter\u00e7a-feira (5), via telefone da viatura, onde pessoa n\u00e3o identificada relatou que estava ocorrendo naquele momento um roubo \u00e0 Ag\u00eancia dos Correios de Divino das Laranjeiras. <\/span><\/p>\n<p><span style=\"font-size: 14pt;\">De imediato, a guarni\u00e7\u00e3o composta por militares do munic\u00edpio, deslocou-se at\u00e9 a ag\u00eancia, onde fizeram a aproxima\u00e7\u00e3o, deparando com as portas da ag\u00eancia fechadas. <\/span><\/p>\n<p><span style=\"font-size: 14pt;\">No interior da ag\u00eancia, al\u00e9m dos tr\u00eas autores, estavam tamb\u00e9m o gerente, a carteira e uma crian\u00e7a. Foi feita a verbaliza\u00e7\u00e3o com os autores que ainda estavam no interior da ag\u00eancia, sendo determinado que eles se rendessem, saindo da ag\u00eancia com as m\u00e3os para cima. <\/span><\/p>\n<p><span style=\"font-size: 14pt;\">Os autores tentaram evadir, pulando o muro da ag\u00eancia e deslocando sentido a um matagal, contudo, dois indiv\u00edduos foram abordados ap\u00f3s pularem um muro e cercas. Foi realizada a pris\u00e3o dos dois indiv\u00edduos e durante realiza\u00e7\u00e3o de busca pessoal foi encontrada uma arma de fogo de calibre .38, com 05 (cinco) cartuchos intactos, na cintura do autor W.J.J.F. de 18 anos. O outro autor preso, foi qualificado como sendo P.H.S.M. de 25 anos. <\/span><\/p>\n<p><span style=\"font-size: 14pt;\">O dinheiro roubado foi recuperado e estava dentro de uma mochila preta. <\/span><\/p>\n<p><span style=\"font-size: 14pt;\">Ainda segundo informa\u00e7\u00f5es recebidas, os indiv\u00edduos presos nesta data s\u00e3o suspeitos de terem praticado outro crime desta natureza na cidade Jampruca\/MG, ocorrido nas \u00faltimas semanas. Durante as buscas, a Pol\u00edcia recebeu informa\u00e7\u00f5es de que outro autor estaria no matagal e teria feito contato com um comparsa da cidade de Governador Valadares para resgat\u00e1-lo, raz\u00e3o pela qual as atividades de cerco e rastreamento foram mantidas. <\/span><\/p>\n<p><span style=\"font-size: 14pt;\">Por volta de 21 horas desta ter\u00e7a-feira (5) dois indiv\u00edduos de Governador Valadares foram abordados em um ve\u00edculo de transporte irregular e confirmaram que fariam o resgate de um dos executores do delito pois o crime tinha dado errado, bem como participaram do planejamento deste roubo e outros crimes. J\u00e1 em Governador Valadares, outro autor do roubo foi preso. <\/span><\/p>\n<p><span style=\"font-size: 14pt;\">Todos os suspeitos t\u00eam passagens pela pol\u00edcia. Diante dos fatos, os cincos presos foram conduzidos para a Delegacia da Pol\u00edcia Federal para a lavratura do flagrante, um rev\u00f3lver cal.38, cinco muni\u00e7\u00f5es, e o dinheiro recuperado foram apreendidos. Participaram da opera\u00e7\u00e3o, militares da 18 Cia PM Ind, 8 Cia PM PE Ind e 8 RPM. (fonte\/foto:PM).<\/span><\/p>\n<p><a href=\"http:\/\/www.portalmantena.com.br\/novo\/wp-content\/uploads\/2018\/06\/no060618pm2.jpg\"><img loading=\"lazy\" class=\"alignnone size-full wp-image-30317\" src=\"http:\/\/www.portalmantena.com.br\/novo\/wp-content\/uploads\/2018\/06\/no060618pm2.jpg\" alt=\"\" width=\"700\" height=\"450\" srcset=\"http:\/\/www.portalmantena.com.br\/novo\/wp-content\/uploads\/2018\/06\/no060618pm2.jpg 700w, http:\/\/www.portalmantena.com.br\/novo\/wp-content\/uploads\/2018\/06\/no060618pm2-300x193.jpg 300w, http:\/\/www.portalmantena.com.br\/novo\/wp-content\/uploads\/2018\/06\/no060618pm2-696x447.jpg 696w, http:\/\/www.portalmantena.com.br\/novo\/wp-content\/uploads\/2018\/06\/no060618pm2-653x420.jpg 653w\" sizes=\"(max-width: 700px) 100vw, 700px\" \/><\/a><\/p>\n<p>&nbsp;<\/p>\n<p><span style=\"font-size: 10pt;\">ESPA\u00c7O EMPRESARIAL<\/span><a href=\"https:\/\/www.facebook.com\/profile.php?id=100004934627949&amp;fref=ts\"><img loading=\"lazy\" class=\"alignnone size-full wp-image-29178\" src=\"http:\/\/www.portalmantena.com.br\/novo\/wp-content\/uploads\/2018\/05\/printcolor.jpg\" alt=\"\" width=\"700\" height=\"150\" srcset=\"http:\/\/www.portalmantena.com.br\/novo\/wp-content\/uploads\/2018\/05\/printcolor.jpg 700w, http:\/\/www.portalmantena.com.br\/novo\/wp-content\/uploads\/2018\/05\/printcolor-300x64.jpg 300w, http:\/\/www.portalmantena.com.br\/novo\/wp-content\/uploads\/2018\/05\/printcolor-696x150.jpg 696w\" sizes=\"(max-width: 700px) 100vw, 700px\" \/><\/a><\/p>\n","protected":false},"excerpt":{"rendered":"<p>Os militares da fra\u00e7\u00e3o da PM que trabalha em Divino das Laranjeiras foram acionados nesta ter\u00e7a-feira (5), via telefone da viatura, onde pessoa n\u00e3o identificada relatou que estava ocorrendo naquele momento um roubo \u00e0 Ag\u00eancia dos Correios de Divino das Laranjeiras. De imediato, a guarni\u00e7\u00e3o composta por militares do munic\u00edpio, deslocou-se at\u00e9 a ag\u00eancia, onde [&hellip;]<\/p>\n","protected":false},"author":1,"featured_media":30317,"comment_status":"open","ping_status":"open","sticky":false,"template":"","format":"standard","meta":[],"categories":[11,34],"tags":[],"_links":{"self":[{"href":"http:\/\/www.portalmantena.com.br\/novo\/index.php?rest_route=\/wp\/v2\/posts\/30315"}],"collection":[{"href":"http:\/\/www.portalmantena.com.br\/novo\/index.php?rest_route=\/wp\/v2\/posts"}],"about":[{"href":"http:\/\/www.portalmantena.com.br\/novo\/index.php?rest_route=\/wp\/v2\/types\/post"}],"author":[{"embeddable":true,"href":"http:\/\/www.portalmantena.com.br\/novo\/index.php?rest_route=\/wp\/v2\/users\/1"}],"replies":[{"embeddable":true,"href":"http:\/\/www.portalmantena.com.br\/novo\/index.php?rest_route=%2Fwp%2Fv2%2Fcomments&post=30315"}],"version-history":[{"count":1,"href":"http:\/\/www.portalmantena.com.br\/novo\/index.php?rest_route=\/wp\/v2\/posts\/30315\/revisions"}],"predecessor-version":[{"id":30318,"href":"http:\/\/www.portalmantena.com.br\/novo\/index.php?rest_route=\/wp\/v2\/posts\/30315\/revisions\/30318"}],"wp:featuredmedia":[{"embeddable":true,"href":"http:\/\/www.portalmantena.com.br\/novo\/index.php?rest_route=\/wp\/v2\/media\/30317"}],"wp:attachment":[{"href":"http:\/\/www.portalmantena.com.br\/novo\/index.php?rest_route=%2Fwp%2Fv2%2Fmedia&parent=30315"}],"wp:term":[{"taxonomy":"category","embeddable":true,"href":"http:\/\/www.portalmantena.com.br\/novo\/index.php?rest_route=%2Fwp%2Fv2%2Fcategories&post=30315"},{"taxonomy":"post_tag","embeddable":true,"href":"http:\/\/www.portalmantena.com.br\/novo\/index.php?rest_route=%2Fwp%2Fv2%2Ftags&post=30315"}],"curies":[{"name":"wp","href":"https:\/\/api.w.org\/{rel}","templated":true}]}}