{"id":30312,"date":"2018-06-06T08:32:14","date_gmt":"2018-06-06T11:32:14","guid":{"rendered":"http:\/\/www.portalmantena.com.br\/novo\/?p=30312"},"modified":"2018-06-06T08:32:14","modified_gmt":"2018-06-06T11:32:14","slug":"bicicleta-roubada-foi-encomendada-por-r-10-reais","status":"publish","type":"post","link":"http:\/\/www.portalmantena.com.br\/novo\/?p=30312","title":{"rendered":"Bicicleta roubada foi encomendada por R$ 10 reais"},"content":{"rendered":"<p><a href=\"http:\/\/www.portalmantena.com.br\/novo\/wp-content\/uploads\/2018\/06\/pm2.jpg\"><img loading=\"lazy\" class=\"alignnone size-full wp-image-30313\" src=\"http:\/\/www.portalmantena.com.br\/novo\/wp-content\/uploads\/2018\/06\/pm2.jpg\" alt=\"\" width=\"700\" height=\"450\" srcset=\"http:\/\/www.portalmantena.com.br\/novo\/wp-content\/uploads\/2018\/06\/pm2.jpg 700w, http:\/\/www.portalmantena.com.br\/novo\/wp-content\/uploads\/2018\/06\/pm2-300x193.jpg 300w, http:\/\/www.portalmantena.com.br\/novo\/wp-content\/uploads\/2018\/06\/pm2-696x447.jpg 696w, http:\/\/www.portalmantena.com.br\/novo\/wp-content\/uploads\/2018\/06\/pm2-653x420.jpg 653w\" sizes=\"(max-width: 700px) 100vw, 700px\" \/><\/a><\/p>\n<p><span style=\"font-size: 14pt;\">Um menor foi apreendido por policiais militares do 2\u00ba Batalh\u00e3o, na tarde desta segunda-feira (04), ap\u00f3s furtar uma bicicleta no bairro R\u00fabia, na cidade de Nova Ven\u00e9cia. <\/span><\/p>\n<p><span style=\"font-size: 14pt;\">De acordo com o Comandante do Policiamento da Unidade (CPU), Subtenente Luiz Ant\u00f4nio Rodrigues, a equipe da For\u00e7a T\u00e1tica que realizava o patrulhamento t\u00e1tico motorizado na regi\u00e3o foi acionada por populares, que informaram o furto da bicicleta, ocorrido em frente a uma loja de material de constru\u00e7\u00e3o. <\/span><\/p>\n<p><span style=\"font-size: 14pt;\">Imediatamente os militares realizaram buscas nas imedia\u00e7\u00f5es e localizaram o suspeito no bairro S\u00e3o Francisco. Segundo o Subtenente Rodrigues, ao ser apreendido, o infrator contou receberia R$10,00 pela bicicleta furtada, por\u00e9m se negou a informar o nome do receptador. Ele foi encaminhado ao plant\u00e3o policial de Nova Ven\u00e9cia.<\/span><\/p>\n<p><span style=\"font-size: 14pt;\"> A bicicleta foi entregue ao propriet\u00e1rio.\u00a0O menor j\u00e1 tem diversas passagens por ato infracional, inclusive j\u00e1 foi reconhecido por v\u00edtimas de furto em resid\u00eancias por interm\u00e9dio das imagens de c\u00e2meras de monitoramento. (fonte:PM).<\/span><\/p>\n<p>&nbsp;<\/p>\n<p><span style=\"font-size: 10pt;\">ESPA\u00c7O EMPRESARIAL<\/span><a href=\"http:\/\/www.molvw.com.br\/\"><img loading=\"lazy\" class=\"alignnone size-full wp-image-29504\" src=\"http:\/\/www.portalmantena.com.br\/novo\/wp-content\/uploads\/2018\/05\/molvolkswagen.jpg\" alt=\"\" width=\"700\" height=\"150\" srcset=\"http:\/\/www.portalmantena.com.br\/novo\/wp-content\/uploads\/2018\/05\/molvolkswagen.jpg 700w, http:\/\/www.portalmantena.com.br\/novo\/wp-content\/uploads\/2018\/05\/molvolkswagen-300x64.jpg 300w, http:\/\/www.portalmantena.com.br\/novo\/wp-content\/uploads\/2018\/05\/molvolkswagen-696x150.jpg 696w\" sizes=\"(max-width: 700px) 100vw, 700px\" \/><\/a><\/p>\n","protected":false},"excerpt":{"rendered":"<p>Um menor foi apreendido por policiais militares do 2\u00ba Batalh\u00e3o, na tarde desta segunda-feira (04), ap\u00f3s furtar uma bicicleta no bairro R\u00fabia, na cidade de Nova Ven\u00e9cia. De acordo com o Comandante do Policiamento da Unidade (CPU), Subtenente Luiz Ant\u00f4nio Rodrigues, a equipe da For\u00e7a T\u00e1tica que realizava o patrulhamento t\u00e1tico motorizado na regi\u00e3o foi [&hellip;]<\/p>\n","protected":false},"author":1,"featured_media":30313,"comment_status":"open","ping_status":"open","sticky":false,"template":"","format":"standard","meta":[],"categories":[11,34],"tags":[],"_links":{"self":[{"href":"http:\/\/www.portalmantena.com.br\/novo\/index.php?rest_route=\/wp\/v2\/posts\/30312"}],"collection":[{"href":"http:\/\/www.portalmantena.com.br\/novo\/index.php?rest_route=\/wp\/v2\/posts"}],"about":[{"href":"http:\/\/www.portalmantena.com.br\/novo\/index.php?rest_route=\/wp\/v2\/types\/post"}],"author":[{"embeddable":true,"href":"http:\/\/www.portalmantena.com.br\/novo\/index.php?rest_route=\/wp\/v2\/users\/1"}],"replies":[{"embeddable":true,"href":"http:\/\/www.portalmantena.com.br\/novo\/index.php?rest_route=%2Fwp%2Fv2%2Fcomments&post=30312"}],"version-history":[{"count":1,"href":"http:\/\/www.portalmantena.com.br\/novo\/index.php?rest_route=\/wp\/v2\/posts\/30312\/revisions"}],"predecessor-version":[{"id":30314,"href":"http:\/\/www.portalmantena.com.br\/novo\/index.php?rest_route=\/wp\/v2\/posts\/30312\/revisions\/30314"}],"wp:featuredmedia":[{"embeddable":true,"href":"http:\/\/www.portalmantena.com.br\/novo\/index.php?rest_route=\/wp\/v2\/media\/30313"}],"wp:attachment":[{"href":"http:\/\/www.portalmantena.com.br\/novo\/index.php?rest_route=%2Fwp%2Fv2%2Fmedia&parent=30312"}],"wp:term":[{"taxonomy":"category","embeddable":true,"href":"http:\/\/www.portalmantena.com.br\/novo\/index.php?rest_route=%2Fwp%2Fv2%2Fcategories&post=30312"},{"taxonomy":"post_tag","embeddable":true,"href":"http:\/\/www.portalmantena.com.br\/novo\/index.php?rest_route=%2Fwp%2Fv2%2Ftags&post=30312"}],"curies":[{"name":"wp","href":"https:\/\/api.w.org\/{rel}","templated":true}]}}