{"id":30301,"date":"2018-06-06T08:12:57","date_gmt":"2018-06-06T11:12:57","guid":{"rendered":"http:\/\/www.portalmantena.com.br\/novo\/?p=30301"},"modified":"2018-06-06T08:16:14","modified_gmt":"2018-06-06T11:16:14","slug":"morre-o-francisquense-genario-sanfoneiro","status":"publish","type":"post","link":"http:\/\/www.portalmantena.com.br\/novo\/?p=30301","title":{"rendered":"Morre o francisquense Gen\u00e1rio Sanfoneiro"},"content":{"rendered":"<p><a href=\"http:\/\/www.portalmantena.com.br\/novo\/wp-content\/uploads\/2018\/06\/no060618genario.jpg\"><img loading=\"lazy\" class=\"alignnone size-full wp-image-30302\" src=\"http:\/\/www.portalmantena.com.br\/novo\/wp-content\/uploads\/2018\/06\/no060618genario.jpg\" alt=\"\" width=\"700\" height=\"450\" srcset=\"http:\/\/www.portalmantena.com.br\/novo\/wp-content\/uploads\/2018\/06\/no060618genario.jpg 700w, http:\/\/www.portalmantena.com.br\/novo\/wp-content\/uploads\/2018\/06\/no060618genario-300x193.jpg 300w, http:\/\/www.portalmantena.com.br\/novo\/wp-content\/uploads\/2018\/06\/no060618genario-696x447.jpg 696w, http:\/\/www.portalmantena.com.br\/novo\/wp-content\/uploads\/2018\/06\/no060618genario-653x420.jpg 653w\" sizes=\"(max-width: 700px) 100vw, 700px\" \/><\/a><\/p>\n<p><span style=\"font-size: 14pt;\">Est\u00e1 sendo sepultado na manh\u00e3 desta quarta-feira dia 06 de Junho na cidade de Barra de S\u00e3o Francisco, o francisquense Gen\u00e1rio Jos\u00e9 da Mata (Engenheiro Agr\u00f4nomo), conhecido carinhosamente como Gen\u00e1rio Sanfoneiro. <\/span><\/p>\n<p><span style=\"font-size: 14pt;\">Gen\u00e1rio, tinha 68 anos, e faleceu nesta segunda-feira dia 04 de Junho na cidade de Vila Velha, v\u00edtima de assassinado, crime que est\u00e1 sendo investigado pela pol\u00edcia civil. Seu corpo foi transladado e velado desde a noite desta ter\u00e7a-feira (5), na capela mortu\u00e1ria em Barra de S\u00e3o Francisco. <\/span><\/p>\n<p><span style=\"font-size: 14pt;\">O sepultamento acontece \u00e0s 8 horas da manh\u00e3 no cemit\u00e9rio da cidade. A fam\u00edlia Marcelino (enlutada), desde j\u00e1 agradece a todos que comparecerem a este ano de solidariedade humana e crist\u00e3, um momento de despedidas e muita saudade.<\/span><\/p>\n<p>&nbsp;<\/p>\n<p>&nbsp;<\/p>\n","protected":false},"excerpt":{"rendered":"<p>Est\u00e1 sendo sepultado na manh\u00e3 desta quarta-feira dia 06 de Junho na cidade de Barra de S\u00e3o Francisco, o francisquense Gen\u00e1rio Jos\u00e9 da Mata (Engenheiro Agr\u00f4nomo), conhecido carinhosamente como Gen\u00e1rio Sanfoneiro. Gen\u00e1rio, tinha 68 anos, e faleceu nesta segunda-feira dia 04 de Junho na cidade de Vila Velha, v\u00edtima de assassinado, crime que est\u00e1 sendo [&hellip;]<\/p>\n","protected":false},"author":1,"featured_media":30302,"comment_status":"open","ping_status":"open","sticky":false,"template":"","format":"standard","meta":[],"categories":[11,39],"tags":[],"_links":{"self":[{"href":"http:\/\/www.portalmantena.com.br\/novo\/index.php?rest_route=\/wp\/v2\/posts\/30301"}],"collection":[{"href":"http:\/\/www.portalmantena.com.br\/novo\/index.php?rest_route=\/wp\/v2\/posts"}],"about":[{"href":"http:\/\/www.portalmantena.com.br\/novo\/index.php?rest_route=\/wp\/v2\/types\/post"}],"author":[{"embeddable":true,"href":"http:\/\/www.portalmantena.com.br\/novo\/index.php?rest_route=\/wp\/v2\/users\/1"}],"replies":[{"embeddable":true,"href":"http:\/\/www.portalmantena.com.br\/novo\/index.php?rest_route=%2Fwp%2Fv2%2Fcomments&post=30301"}],"version-history":[{"count":3,"href":"http:\/\/www.portalmantena.com.br\/novo\/index.php?rest_route=\/wp\/v2\/posts\/30301\/revisions"}],"predecessor-version":[{"id":30305,"href":"http:\/\/www.portalmantena.com.br\/novo\/index.php?rest_route=\/wp\/v2\/posts\/30301\/revisions\/30305"}],"wp:featuredmedia":[{"embeddable":true,"href":"http:\/\/www.portalmantena.com.br\/novo\/index.php?rest_route=\/wp\/v2\/media\/30302"}],"wp:attachment":[{"href":"http:\/\/www.portalmantena.com.br\/novo\/index.php?rest_route=%2Fwp%2Fv2%2Fmedia&parent=30301"}],"wp:term":[{"taxonomy":"category","embeddable":true,"href":"http:\/\/www.portalmantena.com.br\/novo\/index.php?rest_route=%2Fwp%2Fv2%2Fcategories&post=30301"},{"taxonomy":"post_tag","embeddable":true,"href":"http:\/\/www.portalmantena.com.br\/novo\/index.php?rest_route=%2Fwp%2Fv2%2Ftags&post=30301"}],"curies":[{"name":"wp","href":"https:\/\/api.w.org\/{rel}","templated":true}]}}