{"id":30284,"date":"2018-06-05T21:16:01","date_gmt":"2018-06-06T00:16:01","guid":{"rendered":"http:\/\/www.portalmantena.com.br\/novo\/?p=30284"},"modified":"2018-06-05T21:35:35","modified_gmt":"2018-06-06T00:35:35","slug":"carreta-cegonha-tomba-com-11-carros-na-br-262","status":"publish","type":"post","link":"http:\/\/www.portalmantena.com.br\/novo\/?p=30284","title":{"rendered":"Carreta cegonha tomba com 11 carros na BR 262"},"content":{"rendered":"<p><a href=\"http:\/\/www.portalmantena.com.br\/novo\/wp-content\/uploads\/2018\/06\/no040618carro3.jpg\"><img loading=\"lazy\" class=\"alignnone size-full wp-image-30287\" src=\"http:\/\/www.portalmantena.com.br\/novo\/wp-content\/uploads\/2018\/06\/no040618carro3.jpg\" alt=\"\" width=\"700\" height=\"450\" srcset=\"http:\/\/www.portalmantena.com.br\/novo\/wp-content\/uploads\/2018\/06\/no040618carro3.jpg 700w, http:\/\/www.portalmantena.com.br\/novo\/wp-content\/uploads\/2018\/06\/no040618carro3-300x193.jpg 300w, http:\/\/www.portalmantena.com.br\/novo\/wp-content\/uploads\/2018\/06\/no040618carro3-696x447.jpg 696w, http:\/\/www.portalmantena.com.br\/novo\/wp-content\/uploads\/2018\/06\/no040618carro3-653x420.jpg 653w\" sizes=\"(max-width: 700px) 100vw, 700px\" \/><\/a><span style=\"font-size: 10pt;\">(Fonte\/foto: Portal Capara\u00f3)<\/span><\/p>\n<p><span style=\"font-size: 14pt;\">Uma carreta cegonheira com onze carros tombou no km 46 da BR-262, entre Manhua\u00e7u e Realeza, na manh\u00e3 deste domingo (03). A Pol\u00edcia Rodovi\u00e1ria Federal e o Corpo de Bombeiros atenderam a ocorr\u00eancia. <\/span><\/p>\n<p><span style=\"font-size: 14pt;\">De acordo com informa\u00e7\u00f5es, o condutor foi encontrado, segundo os Bombeiros, com escoria\u00e7\u00f5es nos bra\u00e7os e pernas e nas costas. Ele estava consciente e orientado e dispensou ser conduzido at\u00e9 a Unidade de Pronto Atendimento (UPA). <\/span><\/p>\n<p><span style=\"font-size: 14pt;\">A carreta transportava cinco ve\u00edculos Fiat Toro, quatro Fiat Strada e dois Fiat Cronos. Os carros ficaram espalhados pelo barranco \u00e0 margem da rodovia. (Fonte\/foto: Portal Capara\u00f3)<\/span><\/p>\n<p><a href=\"http:\/\/www.portalmantena.com.br\/novo\/wp-content\/uploads\/2018\/06\/no040618carro2.jpg\"><img loading=\"lazy\" class=\"alignnone size-full wp-image-30286\" src=\"http:\/\/www.portalmantena.com.br\/novo\/wp-content\/uploads\/2018\/06\/no040618carro2.jpg\" alt=\"\" width=\"700\" height=\"450\" srcset=\"http:\/\/www.portalmantena.com.br\/novo\/wp-content\/uploads\/2018\/06\/no040618carro2.jpg 700w, http:\/\/www.portalmantena.com.br\/novo\/wp-content\/uploads\/2018\/06\/no040618carro2-300x193.jpg 300w, http:\/\/www.portalmantena.com.br\/novo\/wp-content\/uploads\/2018\/06\/no040618carro2-696x447.jpg 696w, http:\/\/www.portalmantena.com.br\/novo\/wp-content\/uploads\/2018\/06\/no040618carro2-653x420.jpg 653w\" sizes=\"(max-width: 700px) 100vw, 700px\" \/><\/a><a href=\"http:\/\/www.portalmantena.com.br\/novo\/wp-content\/uploads\/2018\/06\/no040618carro1.jpg\"><img loading=\"lazy\" class=\"alignnone size-full wp-image-30285\" src=\"http:\/\/www.portalmantena.com.br\/novo\/wp-content\/uploads\/2018\/06\/no040618carro1.jpg\" alt=\"\" width=\"700\" height=\"450\" srcset=\"http:\/\/www.portalmantena.com.br\/novo\/wp-content\/uploads\/2018\/06\/no040618carro1.jpg 700w, http:\/\/www.portalmantena.com.br\/novo\/wp-content\/uploads\/2018\/06\/no040618carro1-300x193.jpg 300w, http:\/\/www.portalmantena.com.br\/novo\/wp-content\/uploads\/2018\/06\/no040618carro1-696x447.jpg 696w, http:\/\/www.portalmantena.com.br\/novo\/wp-content\/uploads\/2018\/06\/no040618carro1-653x420.jpg 653w\" sizes=\"(max-width: 700px) 100vw, 700px\" \/><\/a><\/p>\n<p>&nbsp;<\/p>\n<p><span style=\"font-size: 10pt;\">ESPA\u00c7O EMPRESARIAL<\/span><a href=\"http:\/\/www.portalmantena.com.br\/novo\/?p=30194\"><img src=\"http:\/\/www.portalmantena.com.br\/novo\/wp-content\/uploads\/2018\/06\/uni040618p-1.jpg\" \/><\/a><\/p>\n<p>&nbsp;<\/p>\n","protected":false},"excerpt":{"rendered":"<p>(Fonte\/foto: Portal Capara\u00f3) Uma carreta cegonheira com onze carros tombou no km 46 da BR-262, entre Manhua\u00e7u e Realeza, na manh\u00e3 deste domingo (03). A Pol\u00edcia Rodovi\u00e1ria Federal e o Corpo de Bombeiros atenderam a ocorr\u00eancia. De acordo com informa\u00e7\u00f5es, o condutor foi encontrado, segundo os Bombeiros, com escoria\u00e7\u00f5es nos bra\u00e7os e pernas e nas [&hellip;]<\/p>\n","protected":false},"author":1,"featured_media":30287,"comment_status":"open","ping_status":"open","sticky":false,"template":"","format":"standard","meta":[],"categories":[11,39],"tags":[],"_links":{"self":[{"href":"http:\/\/www.portalmantena.com.br\/novo\/index.php?rest_route=\/wp\/v2\/posts\/30284"}],"collection":[{"href":"http:\/\/www.portalmantena.com.br\/novo\/index.php?rest_route=\/wp\/v2\/posts"}],"about":[{"href":"http:\/\/www.portalmantena.com.br\/novo\/index.php?rest_route=\/wp\/v2\/types\/post"}],"author":[{"embeddable":true,"href":"http:\/\/www.portalmantena.com.br\/novo\/index.php?rest_route=\/wp\/v2\/users\/1"}],"replies":[{"embeddable":true,"href":"http:\/\/www.portalmantena.com.br\/novo\/index.php?rest_route=%2Fwp%2Fv2%2Fcomments&post=30284"}],"version-history":[{"count":2,"href":"http:\/\/www.portalmantena.com.br\/novo\/index.php?rest_route=\/wp\/v2\/posts\/30284\/revisions"}],"predecessor-version":[{"id":30293,"href":"http:\/\/www.portalmantena.com.br\/novo\/index.php?rest_route=\/wp\/v2\/posts\/30284\/revisions\/30293"}],"wp:featuredmedia":[{"embeddable":true,"href":"http:\/\/www.portalmantena.com.br\/novo\/index.php?rest_route=\/wp\/v2\/media\/30287"}],"wp:attachment":[{"href":"http:\/\/www.portalmantena.com.br\/novo\/index.php?rest_route=%2Fwp%2Fv2%2Fmedia&parent=30284"}],"wp:term":[{"taxonomy":"category","embeddable":true,"href":"http:\/\/www.portalmantena.com.br\/novo\/index.php?rest_route=%2Fwp%2Fv2%2Fcategories&post=30284"},{"taxonomy":"post_tag","embeddable":true,"href":"http:\/\/www.portalmantena.com.br\/novo\/index.php?rest_route=%2Fwp%2Fv2%2Ftags&post=30284"}],"curies":[{"name":"wp","href":"https:\/\/api.w.org\/{rel}","templated":true}]}}