{"id":30269,"date":"2018-06-05T09:13:42","date_gmt":"2018-06-05T12:13:42","guid":{"rendered":"http:\/\/www.portalmantena.com.br\/novo\/?p=30269"},"modified":"2018-06-05T09:13:42","modified_gmt":"2018-06-05T12:13:42","slug":"rafinha-completando-aniversario-parabens-ao-flamenguista","status":"publish","type":"post","link":"http:\/\/www.portalmantena.com.br\/novo\/?p=30269","title":{"rendered":"Rafinha completando anivers\u00e1rio, parab\u00e9ns ao Flamenguista"},"content":{"rendered":"<p><a href=\"http:\/\/www.portalmantena.com.br\/novo\/wp-content\/uploads\/2018\/06\/vi050618rafinha.jpg\"><img loading=\"lazy\" class=\"alignnone size-full wp-image-30270\" src=\"http:\/\/www.portalmantena.com.br\/novo\/wp-content\/uploads\/2018\/06\/vi050618rafinha.jpg\" alt=\"\" width=\"700\" height=\"450\" srcset=\"http:\/\/www.portalmantena.com.br\/novo\/wp-content\/uploads\/2018\/06\/vi050618rafinha.jpg 700w, http:\/\/www.portalmantena.com.br\/novo\/wp-content\/uploads\/2018\/06\/vi050618rafinha-300x193.jpg 300w, http:\/\/www.portalmantena.com.br\/novo\/wp-content\/uploads\/2018\/06\/vi050618rafinha-696x447.jpg 696w, http:\/\/www.portalmantena.com.br\/novo\/wp-content\/uploads\/2018\/06\/vi050618rafinha-653x420.jpg 653w\" sizes=\"(max-width: 700px) 100vw, 700px\" \/><\/a><\/p>\n<p><span style=\"font-size: 14pt;\">Quem sopra velinhas nesta ter\u00e7a-feira dia 05 de Junho, \u00e9 o nosso amigo Rafael Francisco Costa, o Rafinha da Toledo Ford. <\/span><\/p>\n<p><span style=\"font-size: 14pt;\">Uma data mais que especial em sua vida, ele que j\u00e1 est\u00e1 feliz da vida com seu time do cora\u00e7\u00e3o (Flamengo), como l\u00edder do Brasileir\u00e3o, recebe neste dia as felicita\u00e7\u00f5es dos amigos e familiares por mais uma data t\u00e3o importante. <\/span><\/p>\n<p><span style=\"font-size: 14pt;\">Parab\u00e9ns amigo, desejamos muitas e muitas felicidades, paz, sa\u00fade e sucesso, e que o nosso Deus esteja sempre protegendo sua vida como tamb\u00e9m de sua fam\u00edlia.\u00a0<\/span><\/p>\n<p>&nbsp;<\/p>\n<p><span style=\"font-size: 10pt;\">ESPA\u00c7O EMPRESARIAL<\/span><a href=\"http:\/\/www.portalmantena.com.br\/novo\/?p=30194\"><img src=\"http:\/\/www.portalmantena.com.br\/novo\/wp-content\/uploads\/2018\/06\/uni040618p-1.jpg\" \/><\/a><\/p>\n","protected":false},"excerpt":{"rendered":"<p>Quem sopra velinhas nesta ter\u00e7a-feira dia 05 de Junho, \u00e9 o nosso amigo Rafael Francisco Costa, o Rafinha da Toledo Ford. Uma data mais que especial em sua vida, ele que j\u00e1 est\u00e1 feliz da vida com seu time do cora\u00e7\u00e3o (Flamengo), como l\u00edder do Brasileir\u00e3o, recebe neste dia as felicita\u00e7\u00f5es dos amigos e familiares [&hellip;]<\/p>\n","protected":false},"author":1,"featured_media":30270,"comment_status":"open","ping_status":"open","sticky":false,"template":"","format":"standard","meta":[],"categories":[7],"tags":[],"_links":{"self":[{"href":"http:\/\/www.portalmantena.com.br\/novo\/index.php?rest_route=\/wp\/v2\/posts\/30269"}],"collection":[{"href":"http:\/\/www.portalmantena.com.br\/novo\/index.php?rest_route=\/wp\/v2\/posts"}],"about":[{"href":"http:\/\/www.portalmantena.com.br\/novo\/index.php?rest_route=\/wp\/v2\/types\/post"}],"author":[{"embeddable":true,"href":"http:\/\/www.portalmantena.com.br\/novo\/index.php?rest_route=\/wp\/v2\/users\/1"}],"replies":[{"embeddable":true,"href":"http:\/\/www.portalmantena.com.br\/novo\/index.php?rest_route=%2Fwp%2Fv2%2Fcomments&post=30269"}],"version-history":[{"count":1,"href":"http:\/\/www.portalmantena.com.br\/novo\/index.php?rest_route=\/wp\/v2\/posts\/30269\/revisions"}],"predecessor-version":[{"id":30271,"href":"http:\/\/www.portalmantena.com.br\/novo\/index.php?rest_route=\/wp\/v2\/posts\/30269\/revisions\/30271"}],"wp:featuredmedia":[{"embeddable":true,"href":"http:\/\/www.portalmantena.com.br\/novo\/index.php?rest_route=\/wp\/v2\/media\/30270"}],"wp:attachment":[{"href":"http:\/\/www.portalmantena.com.br\/novo\/index.php?rest_route=%2Fwp%2Fv2%2Fmedia&parent=30269"}],"wp:term":[{"taxonomy":"category","embeddable":true,"href":"http:\/\/www.portalmantena.com.br\/novo\/index.php?rest_route=%2Fwp%2Fv2%2Fcategories&post=30269"},{"taxonomy":"post_tag","embeddable":true,"href":"http:\/\/www.portalmantena.com.br\/novo\/index.php?rest_route=%2Fwp%2Fv2%2Ftags&post=30269"}],"curies":[{"name":"wp","href":"https:\/\/api.w.org\/{rel}","templated":true}]}}