{"id":30264,"date":"2018-06-05T09:05:56","date_gmt":"2018-06-05T12:05:56","guid":{"rendered":"http:\/\/www.portalmantena.com.br\/novo\/?p=30264"},"modified":"2018-06-05T09:05:56","modified_gmt":"2018-06-05T12:05:56","slug":"mantenense-ausente-conectado-diariamente-no-portalmantena","status":"publish","type":"post","link":"http:\/\/www.portalmantena.com.br\/novo\/?p=30264","title":{"rendered":"Mantenense ausente conectado diariamente no portalmantena"},"content":{"rendered":"<p><a href=\"http:\/\/www.portalmantena.com.br\/novo\/wp-content\/uploads\/2018\/06\/vi050618ausente1.jpg\"><img loading=\"lazy\" class=\"alignnone size-full wp-image-30265\" src=\"http:\/\/www.portalmantena.com.br\/novo\/wp-content\/uploads\/2018\/06\/vi050618ausente1.jpg\" alt=\"\" width=\"700\" height=\"450\" srcset=\"http:\/\/www.portalmantena.com.br\/novo\/wp-content\/uploads\/2018\/06\/vi050618ausente1.jpg 700w, http:\/\/www.portalmantena.com.br\/novo\/wp-content\/uploads\/2018\/06\/vi050618ausente1-300x193.jpg 300w, http:\/\/www.portalmantena.com.br\/novo\/wp-content\/uploads\/2018\/06\/vi050618ausente1-696x447.jpg 696w, http:\/\/www.portalmantena.com.br\/novo\/wp-content\/uploads\/2018\/06\/vi050618ausente1-653x420.jpg 653w\" sizes=\"(max-width: 700px) 100vw, 700px\" \/><\/a><\/p>\n<p style=\"line-height: 19.5pt;\"><span style=\"font-size: 14pt; font-family: Verdana, sans-serif; color: #222222;\">O mantenense ausente C\u00e1ssio Ferreira ao lado da esposa Jeane, morando h\u00e1 mais de 12 anos na cidade mineira de Pot\u00e9, longe da terrinha j\u00e1 h\u00e1 algum tempo, mas n\u00e3o perde as not\u00edcias da terra natal se informando diariamente atrav\u00e9s do portalmantena. <\/span><\/p>\n<p style=\"line-height: 19.5pt;\"><span style=\"font-size: 14pt; font-family: Verdana, sans-serif; color: #222222;\">Na foto curtindo dias de merecidas f\u00e9rias conhecendo Gramado\/RS. Ele aproveita para mandar aquele abra\u00e7o aos amigos na terrinha. <\/span><\/p>\n<p><a href=\"http:\/\/www.portalmantena.com.br\/novo\/wp-content\/uploads\/2018\/06\/vi050618ausente2.jpg\"><img loading=\"lazy\" class=\"alignnone size-full wp-image-30266\" src=\"http:\/\/www.portalmantena.com.br\/novo\/wp-content\/uploads\/2018\/06\/vi050618ausente2.jpg\" alt=\"\" width=\"700\" height=\"450\" srcset=\"http:\/\/www.portalmantena.com.br\/novo\/wp-content\/uploads\/2018\/06\/vi050618ausente2.jpg 700w, http:\/\/www.portalmantena.com.br\/novo\/wp-content\/uploads\/2018\/06\/vi050618ausente2-300x193.jpg 300w, http:\/\/www.portalmantena.com.br\/novo\/wp-content\/uploads\/2018\/06\/vi050618ausente2-696x447.jpg 696w, http:\/\/www.portalmantena.com.br\/novo\/wp-content\/uploads\/2018\/06\/vi050618ausente2-653x420.jpg 653w\" sizes=\"(max-width: 700px) 100vw, 700px\" \/><\/a> <a href=\"http:\/\/www.portalmantena.com.br\/novo\/wp-content\/uploads\/2018\/06\/vi050618ausente3.jpg\"><img loading=\"lazy\" class=\"alignnone size-full wp-image-30267\" src=\"http:\/\/www.portalmantena.com.br\/novo\/wp-content\/uploads\/2018\/06\/vi050618ausente3.jpg\" alt=\"\" width=\"700\" height=\"450\" srcset=\"http:\/\/www.portalmantena.com.br\/novo\/wp-content\/uploads\/2018\/06\/vi050618ausente3.jpg 700w, http:\/\/www.portalmantena.com.br\/novo\/wp-content\/uploads\/2018\/06\/vi050618ausente3-300x193.jpg 300w, http:\/\/www.portalmantena.com.br\/novo\/wp-content\/uploads\/2018\/06\/vi050618ausente3-696x447.jpg 696w, http:\/\/www.portalmantena.com.br\/novo\/wp-content\/uploads\/2018\/06\/vi050618ausente3-653x420.jpg 653w\" sizes=\"(max-width: 700px) 100vw, 700px\" \/><\/a><\/p>\n<p>&nbsp;<\/p>\n<p><span style=\"font-size: 10pt;\">ESPA\u00c7O EMPRESARIAL<\/span><a href=\"https:\/\/www.facebook.com\/Tekol-Basic-1148561818529027\/\"><img src=\"http:\/\/www.portalmantena.com.br\/novo\/wp-content\/uploads\/2018\/06\/tekol040618.jpg\" \/><\/a><\/p>\n","protected":false},"excerpt":{"rendered":"<p>O mantenense ausente C\u00e1ssio Ferreira ao lado da esposa Jeane, morando h\u00e1 mais de 12 anos na cidade mineira de Pot\u00e9, longe da terrinha j\u00e1 h\u00e1 algum tempo, mas n\u00e3o perde as not\u00edcias da terra natal se informando diariamente atrav\u00e9s do portalmantena. Na foto curtindo dias de merecidas f\u00e9rias conhecendo Gramado\/RS. Ele aproveita para mandar [&hellip;]<\/p>\n","protected":false},"author":1,"featured_media":30266,"comment_status":"open","ping_status":"open","sticky":false,"template":"","format":"standard","meta":[],"categories":[7],"tags":[],"_links":{"self":[{"href":"http:\/\/www.portalmantena.com.br\/novo\/index.php?rest_route=\/wp\/v2\/posts\/30264"}],"collection":[{"href":"http:\/\/www.portalmantena.com.br\/novo\/index.php?rest_route=\/wp\/v2\/posts"}],"about":[{"href":"http:\/\/www.portalmantena.com.br\/novo\/index.php?rest_route=\/wp\/v2\/types\/post"}],"author":[{"embeddable":true,"href":"http:\/\/www.portalmantena.com.br\/novo\/index.php?rest_route=\/wp\/v2\/users\/1"}],"replies":[{"embeddable":true,"href":"http:\/\/www.portalmantena.com.br\/novo\/index.php?rest_route=%2Fwp%2Fv2%2Fcomments&post=30264"}],"version-history":[{"count":1,"href":"http:\/\/www.portalmantena.com.br\/novo\/index.php?rest_route=\/wp\/v2\/posts\/30264\/revisions"}],"predecessor-version":[{"id":30268,"href":"http:\/\/www.portalmantena.com.br\/novo\/index.php?rest_route=\/wp\/v2\/posts\/30264\/revisions\/30268"}],"wp:featuredmedia":[{"embeddable":true,"href":"http:\/\/www.portalmantena.com.br\/novo\/index.php?rest_route=\/wp\/v2\/media\/30266"}],"wp:attachment":[{"href":"http:\/\/www.portalmantena.com.br\/novo\/index.php?rest_route=%2Fwp%2Fv2%2Fmedia&parent=30264"}],"wp:term":[{"taxonomy":"category","embeddable":true,"href":"http:\/\/www.portalmantena.com.br\/novo\/index.php?rest_route=%2Fwp%2Fv2%2Fcategories&post=30264"},{"taxonomy":"post_tag","embeddable":true,"href":"http:\/\/www.portalmantena.com.br\/novo\/index.php?rest_route=%2Fwp%2Fv2%2Ftags&post=30264"}],"curies":[{"name":"wp","href":"https:\/\/api.w.org\/{rel}","templated":true}]}}