{"id":30212,"date":"2018-06-05T04:26:25","date_gmt":"2018-06-05T07:26:25","guid":{"rendered":"http:\/\/www.portalmantena.com.br\/novo\/?p=30212"},"modified":"2018-06-06T08:32:08","modified_gmt":"2018-06-06T11:32:08","slug":"prefeitura-de-ecoporanga-lanca-projeto-para-reciclagem-do-lixo","status":"publish","type":"post","link":"http:\/\/www.portalmantena.com.br\/novo\/?p=30212","title":{"rendered":"Prefeitura de Ecoporanga lan\u00e7a projeto para reciclagem do lixo"},"content":{"rendered":"<p><a href=\"http:\/\/www.portalmantena.com.br\/novo\/wp-content\/uploads\/2018\/06\/no040618lixo.jpg\"><img loading=\"lazy\" class=\"alignnone size-full wp-image-30213\" src=\"http:\/\/www.portalmantena.com.br\/novo\/wp-content\/uploads\/2018\/06\/no040618lixo.jpg\" alt=\"\" width=\"700\" height=\"450\" srcset=\"http:\/\/www.portalmantena.com.br\/novo\/wp-content\/uploads\/2018\/06\/no040618lixo.jpg 700w, http:\/\/www.portalmantena.com.br\/novo\/wp-content\/uploads\/2018\/06\/no040618lixo-300x193.jpg 300w, http:\/\/www.portalmantena.com.br\/novo\/wp-content\/uploads\/2018\/06\/no040618lixo-696x447.jpg 696w, http:\/\/www.portalmantena.com.br\/novo\/wp-content\/uploads\/2018\/06\/no040618lixo-653x420.jpg 653w\" sizes=\"(max-width: 700px) 100vw, 700px\" \/><\/a><\/p>\n<p><span style=\"font-size: 14pt;\">A destina\u00e7\u00e3o inadequada do lixo ainda \u00e9 uma realidade comum \u00e0 maioria dos munic\u00edpios brasileiros e na cidade capixaba de Ecoporanga n\u00e3o \u00e9 diferente. <\/span><\/p>\n<p><span style=\"font-size: 14pt;\">Grande parte dos res\u00edduos produzidos, seja em resid\u00eancias, seja em institui\u00e7\u00f5es, n\u00e3o recebe o devido tratamento, o que acaba impedindo a sele\u00e7\u00e3o e separa\u00e7\u00e3o para posterior reciclagem. Assim, o custo para que se encaminhe a aterros sanit\u00e1rios adequados \u00e9 alt\u00edssimo. <\/span><\/p>\n<p><span style=\"font-size: 14pt;\">A Prefeitura de Ecoporanga quer mudar essa realidade e por isso, atrav\u00e9s da Secretaria Municipal de Meio Ambiente, ir\u00e1 intensificar as a\u00e7\u00f5es de promo\u00e7\u00e3o sobre a import\u00e2ncia do tratamento dado aos res\u00edduos. <\/span><\/p>\n<p><span style=\"font-size: 14pt;\">Na pr\u00f3xima quinta-feira dia 07 de Junho, \u00e0s 13h30\u2019, no audit\u00f3rio da Escola Viva de Ecoporanga, ser\u00e1 lan\u00e7ado o Projeto \u2018Seu Lixo, Meu Luxo\u2019, durante a semana mundial do meio ambiente. (fonte\/foto:PME).<\/span><\/p>\n<p>&nbsp;<\/p>\n<p><span style=\"font-size: 10pt;\">ESPA\u00c7O EMPRESARIAL<\/span><a href=\"https:\/\/www.facebook.com\/profile.php?id=100004934627949&amp;fref=ts\"><img loading=\"lazy\" class=\"alignnone size-full wp-image-29178\" src=\"http:\/\/www.portalmantena.com.br\/novo\/wp-content\/uploads\/2018\/05\/printcolor.jpg\" alt=\"\" width=\"700\" height=\"150\" srcset=\"http:\/\/www.portalmantena.com.br\/novo\/wp-content\/uploads\/2018\/05\/printcolor.jpg 700w, http:\/\/www.portalmantena.com.br\/novo\/wp-content\/uploads\/2018\/05\/printcolor-300x64.jpg 300w, http:\/\/www.portalmantena.com.br\/novo\/wp-content\/uploads\/2018\/05\/printcolor-696x150.jpg 696w\" sizes=\"(max-width: 700px) 100vw, 700px\" \/><\/a><\/p>\n","protected":false},"excerpt":{"rendered":"<p>A destina\u00e7\u00e3o inadequada do lixo ainda \u00e9 uma realidade comum \u00e0 maioria dos munic\u00edpios brasileiros e na cidade capixaba de Ecoporanga n\u00e3o \u00e9 diferente. Grande parte dos res\u00edduos produzidos, seja em resid\u00eancias, seja em institui\u00e7\u00f5es, n\u00e3o recebe o devido tratamento, o que acaba impedindo a sele\u00e7\u00e3o e separa\u00e7\u00e3o para posterior reciclagem. Assim, o custo para [&hellip;]<\/p>\n","protected":false},"author":1,"featured_media":30213,"comment_status":"open","ping_status":"open","sticky":false,"template":"","format":"standard","meta":[],"categories":[69,39],"tags":[],"_links":{"self":[{"href":"http:\/\/www.portalmantena.com.br\/novo\/index.php?rest_route=\/wp\/v2\/posts\/30212"}],"collection":[{"href":"http:\/\/www.portalmantena.com.br\/novo\/index.php?rest_route=\/wp\/v2\/posts"}],"about":[{"href":"http:\/\/www.portalmantena.com.br\/novo\/index.php?rest_route=\/wp\/v2\/types\/post"}],"author":[{"embeddable":true,"href":"http:\/\/www.portalmantena.com.br\/novo\/index.php?rest_route=\/wp\/v2\/users\/1"}],"replies":[{"embeddable":true,"href":"http:\/\/www.portalmantena.com.br\/novo\/index.php?rest_route=%2Fwp%2Fv2%2Fcomments&post=30212"}],"version-history":[{"count":1,"href":"http:\/\/www.portalmantena.com.br\/novo\/index.php?rest_route=\/wp\/v2\/posts\/30212\/revisions"}],"predecessor-version":[{"id":30214,"href":"http:\/\/www.portalmantena.com.br\/novo\/index.php?rest_route=\/wp\/v2\/posts\/30212\/revisions\/30214"}],"wp:featuredmedia":[{"embeddable":true,"href":"http:\/\/www.portalmantena.com.br\/novo\/index.php?rest_route=\/wp\/v2\/media\/30213"}],"wp:attachment":[{"href":"http:\/\/www.portalmantena.com.br\/novo\/index.php?rest_route=%2Fwp%2Fv2%2Fmedia&parent=30212"}],"wp:term":[{"taxonomy":"category","embeddable":true,"href":"http:\/\/www.portalmantena.com.br\/novo\/index.php?rest_route=%2Fwp%2Fv2%2Fcategories&post=30212"},{"taxonomy":"post_tag","embeddable":true,"href":"http:\/\/www.portalmantena.com.br\/novo\/index.php?rest_route=%2Fwp%2Fv2%2Ftags&post=30212"}],"curies":[{"name":"wp","href":"https:\/\/api.w.org\/{rel}","templated":true}]}}