{"id":30131,"date":"2018-06-10T12:04:14","date_gmt":"2018-06-10T15:04:14","guid":{"rendered":"http:\/\/www.portalmantena.com.br\/novo\/?p=30131"},"modified":"2018-06-11T10:30:28","modified_gmt":"2018-06-11T13:30:28","slug":"alto-da-pedra-do-emiliano-ja-esta-em-verde-amarelo-para-a-copa","status":"publish","type":"post","link":"http:\/\/www.portalmantena.com.br\/novo\/?p=30131","title":{"rendered":"Alto da Pedra do Emiliano j\u00e1 est\u00e1 em Verde e Amarelo"},"content":{"rendered":"<p><a href=\"http:\/\/www.portalmantena.com.br\/novo\/wp-content\/uploads\/2018\/06\/no030618copa1.jpg\"><img loading=\"lazy\" class=\"alignnone size-full wp-image-30132\" src=\"http:\/\/www.portalmantena.com.br\/novo\/wp-content\/uploads\/2018\/06\/no030618copa1.jpg\" alt=\"\" width=\"700\" height=\"450\" srcset=\"http:\/\/www.portalmantena.com.br\/novo\/wp-content\/uploads\/2018\/06\/no030618copa1.jpg 700w, http:\/\/www.portalmantena.com.br\/novo\/wp-content\/uploads\/2018\/06\/no030618copa1-300x193.jpg 300w, http:\/\/www.portalmantena.com.br\/novo\/wp-content\/uploads\/2018\/06\/no030618copa1-696x447.jpg 696w, http:\/\/www.portalmantena.com.br\/novo\/wp-content\/uploads\/2018\/06\/no030618copa1-653x420.jpg 653w\" sizes=\"(max-width: 700px) 100vw, 700px\" \/><\/a><\/p>\n<p><span style=\"font-size: 14pt;\">Amigos que s\u00e3o apaixonados por futebol e gostam \u00e9 claro de participar da emo\u00e7\u00e3o que cerca uma Copa do Mundo da modalidade, come\u00e7aram em Mantena uma mobiliza\u00e7\u00e3o para trazer as cores Verde e Amarela neste momento em que o evento est\u00e1 prestes a iniciar. <\/span><\/p>\n<p><span style=\"font-size: 14pt;\">No m\u00eas da Copa, neste m\u00eas de Junho, h\u00e1 poucos dias do in\u00edcio da competi\u00e7\u00e3o, amigos se reuniram para pintar com as cores da Bandeira, uma casinha que foi edificada no passado, bem no alto da Pedra do Emiliano, um cart\u00e3o postal da cidade. <\/span><\/p>\n<p><span style=\"font-size: 14pt;\">Logo bem cedo, eles se encontraram e iniciaram a subida, que leva mais de uma hora. No entanto, com o clima agrad\u00e1vel e um nevoeiro cobrindo a cidade, a caminhada foi mais leve. <\/span><\/p>\n<p><span style=\"font-size: 14pt;\">Chegando l\u00e1, com pinc\u00e9is e rolos nas m\u00e3os, come\u00e7aram a desenhar a nova pintura da casinha, transforando o local em cores vivas, alegres, marcando assim o patriotismo e a torcida pela sele\u00e7\u00e3o brasileira na Copa do Mundo da R\u00fassia. <\/span><\/p>\n<p><span style=\"font-size: 14pt;\">Como disse o nosso amigo Rafinha, que esteve nesta caminhada, \u201cTodos os anos de Copa fazemos isso, reunimos amigos e pintamos a casinha\u201d. Agora \u00e9 torcer para que o Brasil fa\u00e7a bonito na competi\u00e7\u00e3o e torcida mantenense j\u00e1 est\u00e1 na expectativa.<\/span><\/p>\n<p><a href=\"http:\/\/www.portalmantena.com.br\/novo\/wp-content\/uploads\/2018\/06\/no030618copa2.jpg\"><img loading=\"lazy\" class=\"alignnone size-full wp-image-30133\" src=\"http:\/\/www.portalmantena.com.br\/novo\/wp-content\/uploads\/2018\/06\/no030618copa2.jpg\" alt=\"\" width=\"700\" height=\"450\" srcset=\"http:\/\/www.portalmantena.com.br\/novo\/wp-content\/uploads\/2018\/06\/no030618copa2.jpg 700w, http:\/\/www.portalmantena.com.br\/novo\/wp-content\/uploads\/2018\/06\/no030618copa2-300x193.jpg 300w, http:\/\/www.portalmantena.com.br\/novo\/wp-content\/uploads\/2018\/06\/no030618copa2-696x447.jpg 696w, http:\/\/www.portalmantena.com.br\/novo\/wp-content\/uploads\/2018\/06\/no030618copa2-653x420.jpg 653w\" sizes=\"(max-width: 700px) 100vw, 700px\" \/><\/a><a href=\"http:\/\/www.portalmantena.com.br\/novo\/wp-content\/uploads\/2018\/06\/no040618tinta1.jpg\"><img loading=\"lazy\" class=\"alignnone size-full wp-image-30168\" src=\"http:\/\/www.portalmantena.com.br\/novo\/wp-content\/uploads\/2018\/06\/no040618tinta1.jpg\" alt=\"\" width=\"700\" height=\"450\" srcset=\"http:\/\/www.portalmantena.com.br\/novo\/wp-content\/uploads\/2018\/06\/no040618tinta1.jpg 700w, http:\/\/www.portalmantena.com.br\/novo\/wp-content\/uploads\/2018\/06\/no040618tinta1-300x193.jpg 300w, http:\/\/www.portalmantena.com.br\/novo\/wp-content\/uploads\/2018\/06\/no040618tinta1-696x447.jpg 696w, http:\/\/www.portalmantena.com.br\/novo\/wp-content\/uploads\/2018\/06\/no040618tinta1-653x420.jpg 653w\" sizes=\"(max-width: 700px) 100vw, 700px\" \/><\/a><a href=\"http:\/\/www.portalmantena.com.br\/novo\/wp-content\/uploads\/2018\/06\/no040618tinta2.jpg\"><img loading=\"lazy\" class=\"alignnone size-full wp-image-30169\" src=\"http:\/\/www.portalmantena.com.br\/novo\/wp-content\/uploads\/2018\/06\/no040618tinta2.jpg\" alt=\"\" width=\"700\" height=\"450\" srcset=\"http:\/\/www.portalmantena.com.br\/novo\/wp-content\/uploads\/2018\/06\/no040618tinta2.jpg 700w, http:\/\/www.portalmantena.com.br\/novo\/wp-content\/uploads\/2018\/06\/no040618tinta2-300x193.jpg 300w, http:\/\/www.portalmantena.com.br\/novo\/wp-content\/uploads\/2018\/06\/no040618tinta2-696x447.jpg 696w, http:\/\/www.portalmantena.com.br\/novo\/wp-content\/uploads\/2018\/06\/no040618tinta2-653x420.jpg 653w\" sizes=\"(max-width: 700px) 100vw, 700px\" \/><\/a><a href=\"http:\/\/www.portalmantena.com.br\/novo\/wp-content\/uploads\/2018\/06\/no030618copa4.jpg\"><img loading=\"lazy\" class=\"alignnone size-full wp-image-30135\" src=\"http:\/\/www.portalmantena.com.br\/novo\/wp-content\/uploads\/2018\/06\/no030618copa4.jpg\" alt=\"\" width=\"700\" height=\"450\" srcset=\"http:\/\/www.portalmantena.com.br\/novo\/wp-content\/uploads\/2018\/06\/no030618copa4.jpg 700w, http:\/\/www.portalmantena.com.br\/novo\/wp-content\/uploads\/2018\/06\/no030618copa4-300x193.jpg 300w, http:\/\/www.portalmantena.com.br\/novo\/wp-content\/uploads\/2018\/06\/no030618copa4-696x447.jpg 696w, http:\/\/www.portalmantena.com.br\/novo\/wp-content\/uploads\/2018\/06\/no030618copa4-653x420.jpg 653w\" sizes=\"(max-width: 700px) 100vw, 700px\" \/><\/a> <a href=\"http:\/\/www.portalmantena.com.br\/novo\/wp-content\/uploads\/2018\/06\/no030618copa3.jpg\"><img loading=\"lazy\" class=\"alignnone size-full wp-image-30134\" src=\"http:\/\/www.portalmantena.com.br\/novo\/wp-content\/uploads\/2018\/06\/no030618copa3.jpg\" alt=\"\" width=\"700\" height=\"450\" srcset=\"http:\/\/www.portalmantena.com.br\/novo\/wp-content\/uploads\/2018\/06\/no030618copa3.jpg 700w, http:\/\/www.portalmantena.com.br\/novo\/wp-content\/uploads\/2018\/06\/no030618copa3-300x193.jpg 300w, http:\/\/www.portalmantena.com.br\/novo\/wp-content\/uploads\/2018\/06\/no030618copa3-696x447.jpg 696w, http:\/\/www.portalmantena.com.br\/novo\/wp-content\/uploads\/2018\/06\/no030618copa3-653x420.jpg 653w\" sizes=\"(max-width: 700px) 100vw, 700px\" \/><\/a><\/p>\n<p>&nbsp;<\/p>\n<p><span style=\"font-size: 10pt;\">ESPA\u00c7O EMPRESARIAL<\/span><a href=\"https:\/\/www.facebook.com\/profile.php?id=100004934627949&amp;fref=ts\"><img loading=\"lazy\" class=\"alignnone size-full wp-image-29178\" src=\"http:\/\/www.portalmantena.com.br\/novo\/wp-content\/uploads\/2018\/05\/printcolor.jpg\" alt=\"\" width=\"700\" height=\"150\" srcset=\"http:\/\/www.portalmantena.com.br\/novo\/wp-content\/uploads\/2018\/05\/printcolor.jpg 700w, http:\/\/www.portalmantena.com.br\/novo\/wp-content\/uploads\/2018\/05\/printcolor-300x64.jpg 300w, http:\/\/www.portalmantena.com.br\/novo\/wp-content\/uploads\/2018\/05\/printcolor-696x150.jpg 696w\" sizes=\"(max-width: 700px) 100vw, 700px\" \/><\/a><\/p>\n","protected":false},"excerpt":{"rendered":"<p>Amigos que s\u00e3o apaixonados por futebol e gostam \u00e9 claro de participar da emo\u00e7\u00e3o que cerca uma Copa do Mundo da modalidade, come\u00e7aram em Mantena uma mobiliza\u00e7\u00e3o para trazer as cores Verde e Amarela neste momento em que o evento est\u00e1 prestes a iniciar. No m\u00eas da Copa, neste m\u00eas de Junho, h\u00e1 poucos dias [&hellip;]<\/p>\n","protected":false},"author":1,"featured_media":30132,"comment_status":"open","ping_status":"open","sticky":false,"template":"","format":"standard","meta":[],"categories":[36,69],"tags":[],"_links":{"self":[{"href":"http:\/\/www.portalmantena.com.br\/novo\/index.php?rest_route=\/wp\/v2\/posts\/30131"}],"collection":[{"href":"http:\/\/www.portalmantena.com.br\/novo\/index.php?rest_route=\/wp\/v2\/posts"}],"about":[{"href":"http:\/\/www.portalmantena.com.br\/novo\/index.php?rest_route=\/wp\/v2\/types\/post"}],"author":[{"embeddable":true,"href":"http:\/\/www.portalmantena.com.br\/novo\/index.php?rest_route=\/wp\/v2\/users\/1"}],"replies":[{"embeddable":true,"href":"http:\/\/www.portalmantena.com.br\/novo\/index.php?rest_route=%2Fwp%2Fv2%2Fcomments&post=30131"}],"version-history":[{"count":3,"href":"http:\/\/www.portalmantena.com.br\/novo\/index.php?rest_route=\/wp\/v2\/posts\/30131\/revisions"}],"predecessor-version":[{"id":30170,"href":"http:\/\/www.portalmantena.com.br\/novo\/index.php?rest_route=\/wp\/v2\/posts\/30131\/revisions\/30170"}],"wp:featuredmedia":[{"embeddable":true,"href":"http:\/\/www.portalmantena.com.br\/novo\/index.php?rest_route=\/wp\/v2\/media\/30132"}],"wp:attachment":[{"href":"http:\/\/www.portalmantena.com.br\/novo\/index.php?rest_route=%2Fwp%2Fv2%2Fmedia&parent=30131"}],"wp:term":[{"taxonomy":"category","embeddable":true,"href":"http:\/\/www.portalmantena.com.br\/novo\/index.php?rest_route=%2Fwp%2Fv2%2Fcategories&post=30131"},{"taxonomy":"post_tag","embeddable":true,"href":"http:\/\/www.portalmantena.com.br\/novo\/index.php?rest_route=%2Fwp%2Fv2%2Ftags&post=30131"}],"curies":[{"name":"wp","href":"https:\/\/api.w.org\/{rel}","templated":true}]}}