{"id":29751,"date":"2018-05-26T14:31:24","date_gmt":"2018-05-26T17:31:24","guid":{"rendered":"http:\/\/www.portalmantena.com.br\/novo\/?p=29751"},"modified":"2018-05-26T14:36:14","modified_gmt":"2018-05-26T17:36:14","slug":"26mai-o-uso-das-motos-foi-a-solucao-neste-sabado-sem-gasolina","status":"publish","type":"post","link":"http:\/\/www.portalmantena.com.br\/novo\/?p=29751","title":{"rendered":"26MAI &#8211; Neste s\u00e1bado sem Gasolina as Motos tiveram destaque"},"content":{"rendered":"<p><strong><a href=\"http:\/\/www.portalmantena.com.br\/novo\/wp-content\/uploads\/2017\/06\/diabaner-1.jpg\"><img loading=\"lazy\" class=\"alignnone size-full wp-image-8000\" src=\"http:\/\/www.portalmantena.com.br\/novo\/wp-content\/uploads\/2017\/06\/diabaner-1.jpg\" alt=\"\" width=\"650\" height=\"100\" srcset=\"http:\/\/www.portalmantena.com.br\/novo\/wp-content\/uploads\/2017\/06\/diabaner-1.jpg 650w, http:\/\/www.portalmantena.com.br\/novo\/wp-content\/uploads\/2017\/06\/diabaner-1-300x46.jpg 300w\" sizes=\"(max-width: 650px) 100vw, 650px\" \/><\/a><\/strong><img loading=\"lazy\" class=\"alignnone size-full wp-image-29752\" src=\"http:\/\/www.portalmantena.com.br\/novo\/wp-content\/uploads\/2018\/05\/dia260518b-1.jpg\" alt=\"\" width=\"700\" height=\"450\" srcset=\"http:\/\/www.portalmantena.com.br\/novo\/wp-content\/uploads\/2018\/05\/dia260518b-1.jpg 700w, http:\/\/www.portalmantena.com.br\/novo\/wp-content\/uploads\/2018\/05\/dia260518b-1-300x193.jpg 300w, http:\/\/www.portalmantena.com.br\/novo\/wp-content\/uploads\/2018\/05\/dia260518b-1-696x447.jpg 696w, http:\/\/www.portalmantena.com.br\/novo\/wp-content\/uploads\/2018\/05\/dia260518b-1-653x420.jpg 653w\" sizes=\"(max-width: 700px) 100vw, 700px\" \/><\/p>\n<p><strong>26 de Maio<\/strong>\u00a0&#8211; Mesmo com uma chuva fina caindo sobre Mantena na manh\u00e3 deste s\u00e1bado, o mantenense n\u00e3o pensou duas vezes em trocar o carro pela moto neste dia em que os Postos de Combust\u00edveis j\u00e1 estavam sem Gasolina e Etanol na cidade, por consequ\u00eancia\u00a0 da Greve dos Caminhoneiros.<\/p>\n<p>A circula\u00e7\u00e3o de motos superou a de carros de passeio, tudo pela economia que as motos proporcionam, uma vez que ningu\u00e9m sabe quando a situa\u00e7\u00e3o voltar\u00e1 ao normal com os postos repondo seus estoques de combust\u00edveis.<\/p>\n<p>&nbsp;<\/p>\n<p><span style=\"font-size: 10pt;\">ESPA\u00c7O EMPRESARIAL<\/span><a href=\"http:\/\/www.portalmantena.com.br\/novo\/?p=16284\"><img loading=\"lazy\" class=\"alignnone size-full wp-image-29167\" src=\"http:\/\/www.portalmantena.com.br\/novo\/wp-content\/uploads\/2018\/05\/honcafaixa.jpg\" alt=\"\" width=\"700\" height=\"150\" srcset=\"http:\/\/www.portalmantena.com.br\/novo\/wp-content\/uploads\/2018\/05\/honcafaixa.jpg 700w, http:\/\/www.portalmantena.com.br\/novo\/wp-content\/uploads\/2018\/05\/honcafaixa-300x64.jpg 300w, http:\/\/www.portalmantena.com.br\/novo\/wp-content\/uploads\/2018\/05\/honcafaixa-696x150.jpg 696w\" sizes=\"(max-width: 700px) 100vw, 700px\" \/><\/a><\/p>\n","protected":false},"excerpt":{"rendered":"<p>26 de Maio\u00a0&#8211; Mesmo com uma chuva fina caindo sobre Mantena na manh\u00e3 deste s\u00e1bado, o mantenense n\u00e3o pensou duas vezes em trocar o carro pela moto neste dia em que os Postos de Combust\u00edveis j\u00e1 estavam sem Gasolina e Etanol na cidade, por consequ\u00eancia\u00a0 da Greve dos Caminhoneiros. A circula\u00e7\u00e3o de motos superou a [&hellip;]<\/p>\n","protected":false},"author":1,"featured_media":29752,"comment_status":"open","ping_status":"open","sticky":false,"template":"","format":"standard","meta":[],"categories":[50],"tags":[],"_links":{"self":[{"href":"http:\/\/www.portalmantena.com.br\/novo\/index.php?rest_route=\/wp\/v2\/posts\/29751"}],"collection":[{"href":"http:\/\/www.portalmantena.com.br\/novo\/index.php?rest_route=\/wp\/v2\/posts"}],"about":[{"href":"http:\/\/www.portalmantena.com.br\/novo\/index.php?rest_route=\/wp\/v2\/types\/post"}],"author":[{"embeddable":true,"href":"http:\/\/www.portalmantena.com.br\/novo\/index.php?rest_route=\/wp\/v2\/users\/1"}],"replies":[{"embeddable":true,"href":"http:\/\/www.portalmantena.com.br\/novo\/index.php?rest_route=%2Fwp%2Fv2%2Fcomments&post=29751"}],"version-history":[{"count":6,"href":"http:\/\/www.portalmantena.com.br\/novo\/index.php?rest_route=\/wp\/v2\/posts\/29751\/revisions"}],"predecessor-version":[{"id":29758,"href":"http:\/\/www.portalmantena.com.br\/novo\/index.php?rest_route=\/wp\/v2\/posts\/29751\/revisions\/29758"}],"wp:featuredmedia":[{"embeddable":true,"href":"http:\/\/www.portalmantena.com.br\/novo\/index.php?rest_route=\/wp\/v2\/media\/29752"}],"wp:attachment":[{"href":"http:\/\/www.portalmantena.com.br\/novo\/index.php?rest_route=%2Fwp%2Fv2%2Fmedia&parent=29751"}],"wp:term":[{"taxonomy":"category","embeddable":true,"href":"http:\/\/www.portalmantena.com.br\/novo\/index.php?rest_route=%2Fwp%2Fv2%2Fcategories&post=29751"},{"taxonomy":"post_tag","embeddable":true,"href":"http:\/\/www.portalmantena.com.br\/novo\/index.php?rest_route=%2Fwp%2Fv2%2Ftags&post=29751"}],"curies":[{"name":"wp","href":"https:\/\/api.w.org\/{rel}","templated":true}]}}