{"id":29742,"date":"2018-05-26T14:02:39","date_gmt":"2018-05-26T17:02:39","guid":{"rendered":"http:\/\/www.portalmantena.com.br\/novo\/?p=29742"},"modified":"2018-05-26T14:03:49","modified_gmt":"2018-05-26T17:03:49","slug":"consumo-consciente-avisos-estao-sendo-feitos-por-empresas","status":"publish","type":"post","link":"http:\/\/www.portalmantena.com.br\/novo\/?p=29742","title":{"rendered":"Consumo Consciente, avisos sendo feitos por Empresas na cidade"},"content":{"rendered":"<p><a href=\"http:\/\/www.portalmantena.com.br\/novo\/wp-content\/uploads\/2018\/05\/no260518consumo1.jpg\"><img loading=\"lazy\" class=\"alignnone size-full wp-image-29743\" src=\"http:\/\/www.portalmantena.com.br\/novo\/wp-content\/uploads\/2018\/05\/no260518consumo1.jpg\" alt=\"\" width=\"700\" height=\"450\" srcset=\"http:\/\/www.portalmantena.com.br\/novo\/wp-content\/uploads\/2018\/05\/no260518consumo1.jpg 700w, http:\/\/www.portalmantena.com.br\/novo\/wp-content\/uploads\/2018\/05\/no260518consumo1-300x193.jpg 300w, http:\/\/www.portalmantena.com.br\/novo\/wp-content\/uploads\/2018\/05\/no260518consumo1-696x447.jpg 696w, http:\/\/www.portalmantena.com.br\/novo\/wp-content\/uploads\/2018\/05\/no260518consumo1-653x420.jpg 653w\" sizes=\"(max-width: 700px) 100vw, 700px\" \/><\/a><\/p>\n<p><span style=\"font-size: 14pt;\">Consumo Consciente, neste momento de desabastecimento de produtos em Mantena, e a falta de uma sinaliza\u00e7\u00e3o de a paraliza\u00e7\u00e3o dos caminhoneiros ir\u00e1 ter uma solu\u00e7\u00e3o r\u00e1pida, empres\u00e1rios mantenenses do ramo do com\u00e9rcio de alimentos tomaram algumas iniciativas para tentar amenizar o problema. <\/span><\/p>\n<p><span style=\"font-size: 14pt;\">Em alguns estabelecimentos da cidade, como na rede Valente Smart, placas de aviso foram fixadas junto ao pre\u00e7o de algumas mercadorias, informando aos clientes a quantidade m\u00e1xima de cada produto que pode ser levado por pessoa. <\/span><\/p>\n<p><span style=\"font-size: 14pt;\">Esta \u00e9 uma forma de conscientizar de que outras pessoas tamb\u00e9m necessitam dos produtos, evitando assim que a mercadoria seja levada por um s\u00f3 cliente, tirando a op\u00e7\u00e3o de outros em tamb\u00e9m ter acesso ao produto. <\/span><\/p>\n<p><span style=\"font-size: 14pt;\">Propagandas e informativos tamb\u00e9m est\u00e3o circulando dentro dos estabelecimentos e at\u00e9 mesmo em m\u00eddias pela cidade alertando para o \u201cConsumo Consciente\u201d, pelo menos neste momento de incerteza quando \u00e0 reposi\u00e7\u00e3o dos produtos que j\u00e1 est\u00e3o com o estoque reduzido na cidade, e faze parte da cesta b\u00e1sica de cada fam\u00edlia.<\/span><\/p>\n<p><a href=\"http:\/\/www.portalmantena.com.br\/novo\/wp-content\/uploads\/2018\/05\/no260518consumo2.jpg\"><img loading=\"lazy\" class=\"alignnone size-full wp-image-29744\" src=\"http:\/\/www.portalmantena.com.br\/novo\/wp-content\/uploads\/2018\/05\/no260518consumo2.jpg\" alt=\"\" width=\"700\" height=\"450\" srcset=\"http:\/\/www.portalmantena.com.br\/novo\/wp-content\/uploads\/2018\/05\/no260518consumo2.jpg 700w, http:\/\/www.portalmantena.com.br\/novo\/wp-content\/uploads\/2018\/05\/no260518consumo2-300x193.jpg 300w, http:\/\/www.portalmantena.com.br\/novo\/wp-content\/uploads\/2018\/05\/no260518consumo2-696x447.jpg 696w, http:\/\/www.portalmantena.com.br\/novo\/wp-content\/uploads\/2018\/05\/no260518consumo2-653x420.jpg 653w\" sizes=\"(max-width: 700px) 100vw, 700px\" \/><\/a> <a href=\"http:\/\/www.portalmantena.com.br\/novo\/wp-content\/uploads\/2018\/05\/no260518consumo3.jpg\"><img loading=\"lazy\" class=\"alignnone size-full wp-image-29745\" src=\"http:\/\/www.portalmantena.com.br\/novo\/wp-content\/uploads\/2018\/05\/no260518consumo3.jpg\" alt=\"\" width=\"700\" height=\"450\" srcset=\"http:\/\/www.portalmantena.com.br\/novo\/wp-content\/uploads\/2018\/05\/no260518consumo3.jpg 700w, http:\/\/www.portalmantena.com.br\/novo\/wp-content\/uploads\/2018\/05\/no260518consumo3-300x193.jpg 300w, http:\/\/www.portalmantena.com.br\/novo\/wp-content\/uploads\/2018\/05\/no260518consumo3-696x447.jpg 696w, http:\/\/www.portalmantena.com.br\/novo\/wp-content\/uploads\/2018\/05\/no260518consumo3-653x420.jpg 653w\" sizes=\"(max-width: 700px) 100vw, 700px\" \/><\/a><\/p>\n<p>&nbsp;<\/p>\n<p><span style=\"font-size: 10pt;\">ESPA\u00c7O EMPRESARIAL<\/span><a href=\"https:\/\/www.facebook.com\/redevalente\/\"><img loading=\"lazy\" class=\"alignnone size-full wp-image-29377\" src=\"http:\/\/www.portalmantena.com.br\/novo\/wp-content\/uploads\/2018\/05\/valente210518bb.jpg\" alt=\"\" width=\"700\" height=\"150\" srcset=\"http:\/\/www.portalmantena.com.br\/novo\/wp-content\/uploads\/2018\/05\/valente210518bb.jpg 700w, http:\/\/www.portalmantena.com.br\/novo\/wp-content\/uploads\/2018\/05\/valente210518bb-300x64.jpg 300w, http:\/\/www.portalmantena.com.br\/novo\/wp-content\/uploads\/2018\/05\/valente210518bb-696x150.jpg 696w\" sizes=\"(max-width: 700px) 100vw, 700px\" \/><\/a><\/p>\n","protected":false},"excerpt":{"rendered":"<p>Consumo Consciente, neste momento de desabastecimento de produtos em Mantena, e a falta de uma sinaliza\u00e7\u00e3o de a paraliza\u00e7\u00e3o dos caminhoneiros ir\u00e1 ter uma solu\u00e7\u00e3o r\u00e1pida, empres\u00e1rios mantenenses do ramo do com\u00e9rcio de alimentos tomaram algumas iniciativas para tentar amenizar o problema. Em alguns estabelecimentos da cidade, como na rede Valente Smart, placas de aviso [&hellip;]<\/p>\n","protected":false},"author":1,"featured_media":29743,"comment_status":"open","ping_status":"open","sticky":false,"template":"","format":"standard","meta":[],"categories":[36,11],"tags":[],"_links":{"self":[{"href":"http:\/\/www.portalmantena.com.br\/novo\/index.php?rest_route=\/wp\/v2\/posts\/29742"}],"collection":[{"href":"http:\/\/www.portalmantena.com.br\/novo\/index.php?rest_route=\/wp\/v2\/posts"}],"about":[{"href":"http:\/\/www.portalmantena.com.br\/novo\/index.php?rest_route=\/wp\/v2\/types\/post"}],"author":[{"embeddable":true,"href":"http:\/\/www.portalmantena.com.br\/novo\/index.php?rest_route=\/wp\/v2\/users\/1"}],"replies":[{"embeddable":true,"href":"http:\/\/www.portalmantena.com.br\/novo\/index.php?rest_route=%2Fwp%2Fv2%2Fcomments&post=29742"}],"version-history":[{"count":3,"href":"http:\/\/www.portalmantena.com.br\/novo\/index.php?rest_route=\/wp\/v2\/posts\/29742\/revisions"}],"predecessor-version":[{"id":29748,"href":"http:\/\/www.portalmantena.com.br\/novo\/index.php?rest_route=\/wp\/v2\/posts\/29742\/revisions\/29748"}],"wp:featuredmedia":[{"embeddable":true,"href":"http:\/\/www.portalmantena.com.br\/novo\/index.php?rest_route=\/wp\/v2\/media\/29743"}],"wp:attachment":[{"href":"http:\/\/www.portalmantena.com.br\/novo\/index.php?rest_route=%2Fwp%2Fv2%2Fmedia&parent=29742"}],"wp:term":[{"taxonomy":"category","embeddable":true,"href":"http:\/\/www.portalmantena.com.br\/novo\/index.php?rest_route=%2Fwp%2Fv2%2Fcategories&post=29742"},{"taxonomy":"post_tag","embeddable":true,"href":"http:\/\/www.portalmantena.com.br\/novo\/index.php?rest_route=%2Fwp%2Fv2%2Ftags&post=29742"}],"curies":[{"name":"wp","href":"https:\/\/api.w.org\/{rel}","templated":true}]}}