{"id":29736,"date":"2018-05-26T13:48:38","date_gmt":"2018-05-26T16:48:38","guid":{"rendered":"http:\/\/www.portalmantena.com.br\/novo\/?p=29736"},"modified":"2018-05-26T13:48:38","modified_gmt":"2018-05-26T16:48:38","slug":"greve-dos-caminhoneiros-ja-provoca-falta-de-produtos-em-mantena","status":"publish","type":"post","link":"http:\/\/www.portalmantena.com.br\/novo\/?p=29736","title":{"rendered":"Greve dos caminhoneiros j\u00e1 provoca falta de produtos em Mantena"},"content":{"rendered":"<p><a href=\"http:\/\/www.portalmantena.com.br\/novo\/wp-content\/uploads\/2018\/05\/no260518alimento2.jpg\"><img loading=\"lazy\" class=\"alignnone size-full wp-image-29738\" src=\"http:\/\/www.portalmantena.com.br\/novo\/wp-content\/uploads\/2018\/05\/no260518alimento2.jpg\" alt=\"\" width=\"700\" height=\"450\" srcset=\"http:\/\/www.portalmantena.com.br\/novo\/wp-content\/uploads\/2018\/05\/no260518alimento2.jpg 700w, http:\/\/www.portalmantena.com.br\/novo\/wp-content\/uploads\/2018\/05\/no260518alimento2-300x193.jpg 300w, http:\/\/www.portalmantena.com.br\/novo\/wp-content\/uploads\/2018\/05\/no260518alimento2-696x447.jpg 696w, http:\/\/www.portalmantena.com.br\/novo\/wp-content\/uploads\/2018\/05\/no260518alimento2-653x420.jpg 653w\" sizes=\"(max-width: 700px) 100vw, 700px\" \/><\/a><\/p>\n<p><span style=\"font-size: 14pt;\">A paralisa\u00e7\u00e3o dos Caminhoneiros pelo Brasil chega ao 6\u00ba dia, e as consequ\u00eancias j\u00e1 est\u00e3o sendo sentidas pelas fam\u00edlias nas cidades do interior. <\/span><\/p>\n<p><span style=\"font-size: 14pt;\">Em Mantena, com o agravamento da situa\u00e7\u00e3o e a falta da reposi\u00e7\u00e3o de mercadorias, prateleiras dos supermercados e estabelecimentos j\u00e1 come\u00e7am a apresentar a falta de produtos, e muitos deles fazem parte dos g\u00eaneros de primeira necessidade. <\/span><\/p>\n<p><span style=\"font-size: 14pt;\">O g\u00e1s de cozinha mesmo \u00e9 um produto que j\u00e1 est\u00e1 em falta na cidade em alguns estabelecimentos e distribuidoras. Na manh\u00e3 deste s\u00e1bado muitas fam\u00edlias mantenenses j\u00e1 tiveram que percorrer v\u00e1rios locais \u00e0 procura do Botija. O mesmo j\u00e1 est\u00e1 acontecendo com os gal\u00f5es de \u00e1gua mineral. <\/span><\/p>\n<p><span style=\"font-size: 14pt;\">Nas prateleiras, na sess\u00e3o de legumes, muitos deles j\u00e1 n\u00e3o est\u00e3o sendo repostos, a Batatinha \u00e9 um bom exemplo. Isso sem falar no pre\u00e7o diferenciado de alguns produtos que teve eleva\u00e7\u00e3o pela oferta menor que a demanda. <\/span><\/p>\n<p><span style=\"font-size: 14pt;\">A situa\u00e7\u00e3o pode se complicar ainda mais nos pr\u00f3ximos dias, pois a reposi\u00e7\u00e3o de produtos n\u00e3o \u00e9 instant\u00e2nea, a situa\u00e7\u00e3o tem que ser normalizada em cidades maiores para ent\u00e3o chegar ao interior. <\/span><\/p>\n<p><span style=\"font-size: 14pt;\">Lamentavelmente ainda n\u00e3o se tem uma solu\u00e7\u00e3o definitiva para o impasse entre o governo e os caminhoneiros, desta forma, cada um ter\u00e1 que economizar e ir se adaptando \u00e0s condi\u00e7\u00f5es que j\u00e1 est\u00e3o limitadas.<\/span><\/p>\n<p><a href=\"http:\/\/www.portalmantena.com.br\/novo\/wp-content\/uploads\/2018\/05\/no260518alimento1.jpg\"><img loading=\"lazy\" class=\"alignnone size-full wp-image-29737\" src=\"http:\/\/www.portalmantena.com.br\/novo\/wp-content\/uploads\/2018\/05\/no260518alimento1.jpg\" alt=\"\" width=\"700\" height=\"450\" srcset=\"http:\/\/www.portalmantena.com.br\/novo\/wp-content\/uploads\/2018\/05\/no260518alimento1.jpg 700w, http:\/\/www.portalmantena.com.br\/novo\/wp-content\/uploads\/2018\/05\/no260518alimento1-300x193.jpg 300w, http:\/\/www.portalmantena.com.br\/novo\/wp-content\/uploads\/2018\/05\/no260518alimento1-696x447.jpg 696w, http:\/\/www.portalmantena.com.br\/novo\/wp-content\/uploads\/2018\/05\/no260518alimento1-653x420.jpg 653w\" sizes=\"(max-width: 700px) 100vw, 700px\" \/><\/a><a href=\"http:\/\/www.portalmantena.com.br\/novo\/wp-content\/uploads\/2018\/05\/no260518alimento3.jpg\"><img loading=\"lazy\" class=\"alignnone size-full wp-image-29739\" src=\"http:\/\/www.portalmantena.com.br\/novo\/wp-content\/uploads\/2018\/05\/no260518alimento3.jpg\" alt=\"\" width=\"700\" height=\"450\" srcset=\"http:\/\/www.portalmantena.com.br\/novo\/wp-content\/uploads\/2018\/05\/no260518alimento3.jpg 700w, http:\/\/www.portalmantena.com.br\/novo\/wp-content\/uploads\/2018\/05\/no260518alimento3-300x193.jpg 300w, http:\/\/www.portalmantena.com.br\/novo\/wp-content\/uploads\/2018\/05\/no260518alimento3-696x447.jpg 696w, http:\/\/www.portalmantena.com.br\/novo\/wp-content\/uploads\/2018\/05\/no260518alimento3-653x420.jpg 653w\" sizes=\"(max-width: 700px) 100vw, 700px\" \/><\/a> <a href=\"http:\/\/www.portalmantena.com.br\/novo\/wp-content\/uploads\/2018\/05\/no260518alimento4.jpg\"><img loading=\"lazy\" class=\"alignnone size-full wp-image-29740\" src=\"http:\/\/www.portalmantena.com.br\/novo\/wp-content\/uploads\/2018\/05\/no260518alimento4.jpg\" alt=\"\" width=\"700\" height=\"450\" srcset=\"http:\/\/www.portalmantena.com.br\/novo\/wp-content\/uploads\/2018\/05\/no260518alimento4.jpg 700w, http:\/\/www.portalmantena.com.br\/novo\/wp-content\/uploads\/2018\/05\/no260518alimento4-300x193.jpg 300w, http:\/\/www.portalmantena.com.br\/novo\/wp-content\/uploads\/2018\/05\/no260518alimento4-696x447.jpg 696w, http:\/\/www.portalmantena.com.br\/novo\/wp-content\/uploads\/2018\/05\/no260518alimento4-653x420.jpg 653w\" sizes=\"(max-width: 700px) 100vw, 700px\" \/><\/a><\/p>\n<p>&nbsp;<\/p>\n<p><span style=\"font-size: 10pt;\">ESPA\u00c7O EMPRESARIAL<\/span><a href=\"https:\/\/www.facebook.com\/redevalente\/\"><img loading=\"lazy\" class=\"alignnone size-full wp-image-29377\" src=\"http:\/\/www.portalmantena.com.br\/novo\/wp-content\/uploads\/2018\/05\/valente210518bb.jpg\" alt=\"\" width=\"700\" height=\"150\" srcset=\"http:\/\/www.portalmantena.com.br\/novo\/wp-content\/uploads\/2018\/05\/valente210518bb.jpg 700w, http:\/\/www.portalmantena.com.br\/novo\/wp-content\/uploads\/2018\/05\/valente210518bb-300x64.jpg 300w, http:\/\/www.portalmantena.com.br\/novo\/wp-content\/uploads\/2018\/05\/valente210518bb-696x150.jpg 696w\" sizes=\"(max-width: 700px) 100vw, 700px\" \/><\/a><\/p>\n","protected":false},"excerpt":{"rendered":"<p>A paralisa\u00e7\u00e3o dos Caminhoneiros pelo Brasil chega ao 6\u00ba dia, e as consequ\u00eancias j\u00e1 est\u00e3o sendo sentidas pelas fam\u00edlias nas cidades do interior. Em Mantena, com o agravamento da situa\u00e7\u00e3o e a falta da reposi\u00e7\u00e3o de mercadorias, prateleiras dos supermercados e estabelecimentos j\u00e1 come\u00e7am a apresentar a falta de produtos, e muitos deles fazem parte [&hellip;]<\/p>\n","protected":false},"author":1,"featured_media":29739,"comment_status":"open","ping_status":"open","sticky":false,"template":"","format":"standard","meta":[],"categories":[36,11],"tags":[],"_links":{"self":[{"href":"http:\/\/www.portalmantena.com.br\/novo\/index.php?rest_route=\/wp\/v2\/posts\/29736"}],"collection":[{"href":"http:\/\/www.portalmantena.com.br\/novo\/index.php?rest_route=\/wp\/v2\/posts"}],"about":[{"href":"http:\/\/www.portalmantena.com.br\/novo\/index.php?rest_route=\/wp\/v2\/types\/post"}],"author":[{"embeddable":true,"href":"http:\/\/www.portalmantena.com.br\/novo\/index.php?rest_route=\/wp\/v2\/users\/1"}],"replies":[{"embeddable":true,"href":"http:\/\/www.portalmantena.com.br\/novo\/index.php?rest_route=%2Fwp%2Fv2%2Fcomments&post=29736"}],"version-history":[{"count":1,"href":"http:\/\/www.portalmantena.com.br\/novo\/index.php?rest_route=\/wp\/v2\/posts\/29736\/revisions"}],"predecessor-version":[{"id":29741,"href":"http:\/\/www.portalmantena.com.br\/novo\/index.php?rest_route=\/wp\/v2\/posts\/29736\/revisions\/29741"}],"wp:featuredmedia":[{"embeddable":true,"href":"http:\/\/www.portalmantena.com.br\/novo\/index.php?rest_route=\/wp\/v2\/media\/29739"}],"wp:attachment":[{"href":"http:\/\/www.portalmantena.com.br\/novo\/index.php?rest_route=%2Fwp%2Fv2%2Fmedia&parent=29736"}],"wp:term":[{"taxonomy":"category","embeddable":true,"href":"http:\/\/www.portalmantena.com.br\/novo\/index.php?rest_route=%2Fwp%2Fv2%2Fcategories&post=29736"},{"taxonomy":"post_tag","embeddable":true,"href":"http:\/\/www.portalmantena.com.br\/novo\/index.php?rest_route=%2Fwp%2Fv2%2Ftags&post=29736"}],"curies":[{"name":"wp","href":"https:\/\/api.w.org\/{rel}","templated":true}]}}