{"id":29722,"date":"2018-05-26T10:49:55","date_gmt":"2018-05-26T13:49:55","guid":{"rendered":"http:\/\/www.portalmantena.com.br\/novo\/?p=29722"},"modified":"2018-05-26T10:50:31","modified_gmt":"2018-05-26T13:50:31","slug":"26mai-desabastecimento-atinge-mantena-ja-faltam-produtos","status":"publish","type":"post","link":"http:\/\/www.portalmantena.com.br\/novo\/?p=29722","title":{"rendered":"26MAI &#8211; Desabastecimento atinge Mantena, j\u00e1 faltam produtos"},"content":{"rendered":"<p><strong><a href=\"http:\/\/www.portalmantena.com.br\/novo\/wp-content\/uploads\/2017\/06\/diabaner-1.jpg\"><img loading=\"lazy\" class=\"alignnone size-full wp-image-8000\" src=\"http:\/\/www.portalmantena.com.br\/novo\/wp-content\/uploads\/2017\/06\/diabaner-1.jpg\" alt=\"\" width=\"650\" height=\"100\" srcset=\"http:\/\/www.portalmantena.com.br\/novo\/wp-content\/uploads\/2017\/06\/diabaner-1.jpg 650w, http:\/\/www.portalmantena.com.br\/novo\/wp-content\/uploads\/2017\/06\/diabaner-1-300x46.jpg 300w\" sizes=\"(max-width: 650px) 100vw, 650px\" \/><\/a><\/strong><a href=\"http:\/\/www.portalmantena.com.br\/novo\/wp-content\/uploads\/2018\/05\/dia260518c.jpg\"><img loading=\"lazy\" class=\"alignnone size-full wp-image-29725\" src=\"http:\/\/www.portalmantena.com.br\/novo\/wp-content\/uploads\/2018\/05\/dia260518c.jpg\" alt=\"\" width=\"700\" height=\"450\" srcset=\"http:\/\/www.portalmantena.com.br\/novo\/wp-content\/uploads\/2018\/05\/dia260518c.jpg 700w, http:\/\/www.portalmantena.com.br\/novo\/wp-content\/uploads\/2018\/05\/dia260518c-300x193.jpg 300w, http:\/\/www.portalmantena.com.br\/novo\/wp-content\/uploads\/2018\/05\/dia260518c-696x447.jpg 696w, http:\/\/www.portalmantena.com.br\/novo\/wp-content\/uploads\/2018\/05\/dia260518c-653x420.jpg 653w\" sizes=\"(max-width: 700px) 100vw, 700px\" \/><\/a><\/p>\n<p><strong>26 de Maio<\/strong>\u00a0&#8211;\u00a0V\u00e1rios estabelecimentos em Mantena j\u00e1 sofrem com a falta de alguns produtos, principalmente os da mesa do mantenense. Legumes s\u00e3o os principais atingidos pela falta de reposi\u00e7\u00e3o em virtude da Greve dos Caminhoneiros.<\/p>\n<p>Se a situa\u00e7\u00e3o continuar outros produtos, de outras categorias, poder\u00e3o tamb\u00e9m deixar de aparecer nas prateleiras.<\/p>\n<p>&nbsp;<\/p>\n<p><span style=\"font-size: 10pt;\">ESPA\u00c7O EMPRESARIAL<\/span><a href=\"http:\/\/www.portalmantena.com.br\/novo\/wp-content\/uploads\/2018\/05\/cafebonzonfaixa.jpg\"><img loading=\"lazy\" class=\"alignnone size-full wp-image-29162\" src=\"http:\/\/www.portalmantena.com.br\/novo\/wp-content\/uploads\/2018\/05\/cafebonzonfaixa.jpg\" alt=\"\" width=\"700\" height=\"150\" srcset=\"http:\/\/www.portalmantena.com.br\/novo\/wp-content\/uploads\/2018\/05\/cafebonzonfaixa.jpg 700w, http:\/\/www.portalmantena.com.br\/novo\/wp-content\/uploads\/2018\/05\/cafebonzonfaixa-300x64.jpg 300w, http:\/\/www.portalmantena.com.br\/novo\/wp-content\/uploads\/2018\/05\/cafebonzonfaixa-696x150.jpg 696w\" sizes=\"(max-width: 700px) 100vw, 700px\" \/><\/a><\/p>\n","protected":false},"excerpt":{"rendered":"<p>26 de Maio\u00a0&#8211;\u00a0V\u00e1rios estabelecimentos em Mantena j\u00e1 sofrem com a falta de alguns produtos, principalmente os da mesa do mantenense. Legumes s\u00e3o os principais atingidos pela falta de reposi\u00e7\u00e3o em virtude da Greve dos Caminhoneiros. Se a situa\u00e7\u00e3o continuar outros produtos, de outras categorias, poder\u00e3o tamb\u00e9m deixar de aparecer nas prateleiras. &nbsp; ESPA\u00c7O EMPRESARIAL<\/p>\n","protected":false},"author":1,"featured_media":29725,"comment_status":"open","ping_status":"open","sticky":false,"template":"","format":"standard","meta":[],"categories":[50],"tags":[],"_links":{"self":[{"href":"http:\/\/www.portalmantena.com.br\/novo\/index.php?rest_route=\/wp\/v2\/posts\/29722"}],"collection":[{"href":"http:\/\/www.portalmantena.com.br\/novo\/index.php?rest_route=\/wp\/v2\/posts"}],"about":[{"href":"http:\/\/www.portalmantena.com.br\/novo\/index.php?rest_route=\/wp\/v2\/types\/post"}],"author":[{"embeddable":true,"href":"http:\/\/www.portalmantena.com.br\/novo\/index.php?rest_route=\/wp\/v2\/users\/1"}],"replies":[{"embeddable":true,"href":"http:\/\/www.portalmantena.com.br\/novo\/index.php?rest_route=%2Fwp%2Fv2%2Fcomments&post=29722"}],"version-history":[{"count":3,"href":"http:\/\/www.portalmantena.com.br\/novo\/index.php?rest_route=\/wp\/v2\/posts\/29722\/revisions"}],"predecessor-version":[{"id":29729,"href":"http:\/\/www.portalmantena.com.br\/novo\/index.php?rest_route=\/wp\/v2\/posts\/29722\/revisions\/29729"}],"wp:featuredmedia":[{"embeddable":true,"href":"http:\/\/www.portalmantena.com.br\/novo\/index.php?rest_route=\/wp\/v2\/media\/29725"}],"wp:attachment":[{"href":"http:\/\/www.portalmantena.com.br\/novo\/index.php?rest_route=%2Fwp%2Fv2%2Fmedia&parent=29722"}],"wp:term":[{"taxonomy":"category","embeddable":true,"href":"http:\/\/www.portalmantena.com.br\/novo\/index.php?rest_route=%2Fwp%2Fv2%2Fcategories&post=29722"},{"taxonomy":"post_tag","embeddable":true,"href":"http:\/\/www.portalmantena.com.br\/novo\/index.php?rest_route=%2Fwp%2Fv2%2Ftags&post=29722"}],"curies":[{"name":"wp","href":"https:\/\/api.w.org\/{rel}","templated":true}]}}