{"id":29672,"date":"2018-05-25T23:12:06","date_gmt":"2018-05-26T02:12:06","guid":{"rendered":"http:\/\/www.portalmantena.com.br\/novo\/?p=29672"},"modified":"2018-05-25T14:18:54","modified_gmt":"2018-05-25T17:18:54","slug":"domingo-da-igreja-perseguida-neste-final-de-semana-em-mantena","status":"publish","type":"post","link":"http:\/\/www.portalmantena.com.br\/novo\/?p=29672","title":{"rendered":"Domingo da Igreja Perseguida, neste final de semana em Mantena"},"content":{"rendered":"<p><a href=\"http:\/\/www.portalmantena.com.br\/novo\/wp-content\/uploads\/2018\/05\/no250518igreja.jpg\"><img loading=\"lazy\" class=\"alignnone size-full wp-image-29673\" src=\"http:\/\/www.portalmantena.com.br\/novo\/wp-content\/uploads\/2018\/05\/no250518igreja.jpg\" alt=\"\" width=\"700\" height=\"450\" srcset=\"http:\/\/www.portalmantena.com.br\/novo\/wp-content\/uploads\/2018\/05\/no250518igreja.jpg 700w, http:\/\/www.portalmantena.com.br\/novo\/wp-content\/uploads\/2018\/05\/no250518igreja-300x193.jpg 300w, http:\/\/www.portalmantena.com.br\/novo\/wp-content\/uploads\/2018\/05\/no250518igreja-696x447.jpg 696w, http:\/\/www.portalmantena.com.br\/novo\/wp-content\/uploads\/2018\/05\/no250518igreja-653x420.jpg 653w\" sizes=\"(max-width: 700px) 100vw, 700px\" \/><\/a><\/p>\n<p><span style=\"font-size: 14pt;\">No pr\u00f3ximo final de semana em Mantena, um evento denominado \u201cDomingo da Igreja Preseguida\u201d, ser\u00e1 realizado em Mantena no templo da Igreja Presbiteriana, situado \u00e0 pra\u00e7a Fernandes Filho, n\u00ba 15 no centro da cidade. <\/span><\/p>\n<p><span style=\"font-size: 14pt;\">O evento ter\u00e1 a presen\u00e7a de uma fam\u00edlia de Mission\u00e1rios do Egito. No s\u00e1bado dia 26 de Maio, o culto ter\u00e1 in\u00edcio \u00e0s 19h30\u2019, j\u00e1 no domingo dia 27, em dois hor\u00e1rios, \u00e0s 9 e 19h30\u2019. <\/span><\/p>\n<p><span style=\"font-size: 14pt;\">Toda fam\u00edlia mantenense est\u00e1 convidada a participar deste momento de adora\u00e7\u00e3o e gratid\u00e3o ao nosso Deus.<\/span><\/p>\n<p>&nbsp;<\/p>\n<p><span style=\"font-size: 10pt;\">ESPA\u00c7O EMPRESARIAL<\/span><a href=\"http:\/\/www.portalmantena.com.br\/novo\/?p=16284\"><img loading=\"lazy\" class=\"alignnone size-full wp-image-29167\" src=\"http:\/\/www.portalmantena.com.br\/novo\/wp-content\/uploads\/2018\/05\/honcafaixa.jpg\" alt=\"\" width=\"700\" height=\"150\" srcset=\"http:\/\/www.portalmantena.com.br\/novo\/wp-content\/uploads\/2018\/05\/honcafaixa.jpg 700w, http:\/\/www.portalmantena.com.br\/novo\/wp-content\/uploads\/2018\/05\/honcafaixa-300x64.jpg 300w, http:\/\/www.portalmantena.com.br\/novo\/wp-content\/uploads\/2018\/05\/honcafaixa-696x150.jpg 696w\" sizes=\"(max-width: 700px) 100vw, 700px\" \/><\/a><\/p>\n","protected":false},"excerpt":{"rendered":"<p>No pr\u00f3ximo final de semana em Mantena, um evento denominado \u201cDomingo da Igreja Preseguida\u201d, ser\u00e1 realizado em Mantena no templo da Igreja Presbiteriana, situado \u00e0 pra\u00e7a Fernandes Filho, n\u00ba 15 no centro da cidade. O evento ter\u00e1 a presen\u00e7a de uma fam\u00edlia de Mission\u00e1rios do Egito. No s\u00e1bado dia 26 de Maio, o culto ter\u00e1 [&hellip;]<\/p>\n","protected":false},"author":1,"featured_media":29673,"comment_status":"open","ping_status":"open","sticky":false,"template":"","format":"standard","meta":[],"categories":[11,39],"tags":[],"_links":{"self":[{"href":"http:\/\/www.portalmantena.com.br\/novo\/index.php?rest_route=\/wp\/v2\/posts\/29672"}],"collection":[{"href":"http:\/\/www.portalmantena.com.br\/novo\/index.php?rest_route=\/wp\/v2\/posts"}],"about":[{"href":"http:\/\/www.portalmantena.com.br\/novo\/index.php?rest_route=\/wp\/v2\/types\/post"}],"author":[{"embeddable":true,"href":"http:\/\/www.portalmantena.com.br\/novo\/index.php?rest_route=\/wp\/v2\/users\/1"}],"replies":[{"embeddable":true,"href":"http:\/\/www.portalmantena.com.br\/novo\/index.php?rest_route=%2Fwp%2Fv2%2Fcomments&post=29672"}],"version-history":[{"count":1,"href":"http:\/\/www.portalmantena.com.br\/novo\/index.php?rest_route=\/wp\/v2\/posts\/29672\/revisions"}],"predecessor-version":[{"id":29674,"href":"http:\/\/www.portalmantena.com.br\/novo\/index.php?rest_route=\/wp\/v2\/posts\/29672\/revisions\/29674"}],"wp:featuredmedia":[{"embeddable":true,"href":"http:\/\/www.portalmantena.com.br\/novo\/index.php?rest_route=\/wp\/v2\/media\/29673"}],"wp:attachment":[{"href":"http:\/\/www.portalmantena.com.br\/novo\/index.php?rest_route=%2Fwp%2Fv2%2Fmedia&parent=29672"}],"wp:term":[{"taxonomy":"category","embeddable":true,"href":"http:\/\/www.portalmantena.com.br\/novo\/index.php?rest_route=%2Fwp%2Fv2%2Fcategories&post=29672"},{"taxonomy":"post_tag","embeddable":true,"href":"http:\/\/www.portalmantena.com.br\/novo\/index.php?rest_route=%2Fwp%2Fv2%2Ftags&post=29672"}],"curies":[{"name":"wp","href":"https:\/\/api.w.org\/{rel}","templated":true}]}}