{"id":29655,"date":"2018-05-25T13:41:24","date_gmt":"2018-05-25T16:41:24","guid":{"rendered":"http:\/\/www.portalmantena.com.br\/novo\/?p=29655"},"modified":"2018-05-25T13:51:04","modified_gmt":"2018-05-25T16:51:04","slug":"postos-no-centro-em-mantena-ja-nao-tem-gasolina","status":"publish","type":"post","link":"http:\/\/www.portalmantena.com.br\/novo\/?p=29655","title":{"rendered":"Postos no centro em Mantena j\u00e1 n\u00e3o tem Gasolina"},"content":{"rendered":"<p><a href=\"http:\/\/www.portalmantena.com.br\/novo\/wp-content\/uploads\/2018\/05\/no250518gasolina1.jpg\"><img loading=\"lazy\" class=\"alignnone size-full wp-image-29656\" src=\"http:\/\/www.portalmantena.com.br\/novo\/wp-content\/uploads\/2018\/05\/no250518gasolina1.jpg\" alt=\"\" width=\"700\" height=\"450\" srcset=\"http:\/\/www.portalmantena.com.br\/novo\/wp-content\/uploads\/2018\/05\/no250518gasolina1.jpg 700w, http:\/\/www.portalmantena.com.br\/novo\/wp-content\/uploads\/2018\/05\/no250518gasolina1-300x193.jpg 300w, http:\/\/www.portalmantena.com.br\/novo\/wp-content\/uploads\/2018\/05\/no250518gasolina1-696x447.jpg 696w, http:\/\/www.portalmantena.com.br\/novo\/wp-content\/uploads\/2018\/05\/no250518gasolina1-653x420.jpg 653w\" sizes=\"(max-width: 700px) 100vw, 700px\" \/><\/a><\/p>\n<p><span style=\"font-size: 14pt;\">Nesta sexta-feira dia 25 de Maio, mesmo horas ap\u00f3s o Governo federal ter acenado com um acordo com os caminhoneiros, a situa\u00e7\u00e3o continua complicada e a paralisa\u00e7\u00e3o segue. \u00a0<\/span><\/p>\n<p><span style=\"font-size: 14pt;\">Este ato nacional dos caminhoneiros entrou no quinto dia e as consequ\u00eancias come\u00e7am a surgir afetando at\u00e9 mesmo cidades do interior. <\/span><\/p>\n<p><span style=\"font-size: 14pt;\">Em Mantena, t\u00e3o logo os notici\u00e1rios mostraram a situa\u00e7\u00e3o se agravando pelas estradas do pa\u00eds e at\u00e9 mesmo na regi\u00e3o, o mantenense tratou logo de se prevenir e abasteceu seus ve\u00edculos (carro e motos), e o resultado foi um consumo r\u00e1pido de combust\u00edveis, deixando postos principalmente os tr\u00eas instalados no centro da cidade, sem Gasolina. <\/span><\/p>\n<p><span style=\"font-size: 14pt;\">No Posto Terra Boa na rua S\u00e3o Francisco ainda o Diesel S10 ainda \u00e9 encontrado.<\/span><\/p>\n<p><span style=\"font-size: 14pt;\">Na manh\u00e3 desta sexta-feira, um dos postos na \u00e1rea central da cidade ainda tinha certa quantidade de Etanol, por\u00e9m se a demanda continuar neste s\u00e1bado poder\u00e1 j\u00e1 n\u00e3o ter o produto. <\/span><\/p>\n<p><span style=\"font-size: 14pt;\">J\u00e1 no bairro Vila Nova, dos dois postos instalados na Avenida Frei Inoc\u00eancio apenas um tinha gasolina na manh\u00e3 desta sexta-feira, no outro as bombas s\u00f3 tinham Diesel. <\/span><\/p>\n<p><span style=\"font-size: 14pt;\">No bairro Santo Ant\u00f4nio um posto de combust\u00edveis ainda conseguia abastecer ve\u00edculos com Gasolina, e inclusive abaixou o pre\u00e7o do litro, no entanto pela demanda, deve tamb\u00e9m acabar nas pr\u00f3ximas horas.<\/span><\/p>\n<p><a href=\"http:\/\/www.portalmantena.com.br\/novo\/wp-content\/uploads\/2018\/05\/no250518gasolina2.jpg\"><img loading=\"lazy\" class=\"alignnone size-full wp-image-29657\" src=\"http:\/\/www.portalmantena.com.br\/novo\/wp-content\/uploads\/2018\/05\/no250518gasolina2.jpg\" alt=\"\" width=\"700\" height=\"450\" srcset=\"http:\/\/www.portalmantena.com.br\/novo\/wp-content\/uploads\/2018\/05\/no250518gasolina2.jpg 700w, http:\/\/www.portalmantena.com.br\/novo\/wp-content\/uploads\/2018\/05\/no250518gasolina2-300x193.jpg 300w, http:\/\/www.portalmantena.com.br\/novo\/wp-content\/uploads\/2018\/05\/no250518gasolina2-696x447.jpg 696w, http:\/\/www.portalmantena.com.br\/novo\/wp-content\/uploads\/2018\/05\/no250518gasolina2-653x420.jpg 653w\" sizes=\"(max-width: 700px) 100vw, 700px\" \/><\/a> <a href=\"http:\/\/www.portalmantena.com.br\/novo\/wp-content\/uploads\/2018\/05\/no250518gasolina3.jpg\"><img loading=\"lazy\" class=\"alignnone size-full wp-image-29658\" src=\"http:\/\/www.portalmantena.com.br\/novo\/wp-content\/uploads\/2018\/05\/no250518gasolina3.jpg\" alt=\"\" width=\"700\" height=\"450\" srcset=\"http:\/\/www.portalmantena.com.br\/novo\/wp-content\/uploads\/2018\/05\/no250518gasolina3.jpg 700w, http:\/\/www.portalmantena.com.br\/novo\/wp-content\/uploads\/2018\/05\/no250518gasolina3-300x193.jpg 300w, http:\/\/www.portalmantena.com.br\/novo\/wp-content\/uploads\/2018\/05\/no250518gasolina3-696x447.jpg 696w, http:\/\/www.portalmantena.com.br\/novo\/wp-content\/uploads\/2018\/05\/no250518gasolina3-653x420.jpg 653w\" sizes=\"(max-width: 700px) 100vw, 700px\" \/><\/a> <a href=\"http:\/\/www.portalmantena.com.br\/novo\/wp-content\/uploads\/2018\/05\/no250518gasolina4.jpg\"><img loading=\"lazy\" class=\"alignnone size-full wp-image-29659\" src=\"http:\/\/www.portalmantena.com.br\/novo\/wp-content\/uploads\/2018\/05\/no250518gasolina4.jpg\" alt=\"\" width=\"700\" height=\"450\" srcset=\"http:\/\/www.portalmantena.com.br\/novo\/wp-content\/uploads\/2018\/05\/no250518gasolina4.jpg 700w, http:\/\/www.portalmantena.com.br\/novo\/wp-content\/uploads\/2018\/05\/no250518gasolina4-300x193.jpg 300w, http:\/\/www.portalmantena.com.br\/novo\/wp-content\/uploads\/2018\/05\/no250518gasolina4-696x447.jpg 696w, http:\/\/www.portalmantena.com.br\/novo\/wp-content\/uploads\/2018\/05\/no250518gasolina4-653x420.jpg 653w\" sizes=\"(max-width: 700px) 100vw, 700px\" \/><\/a><\/p>\n<p>&nbsp;<\/p>\n<p><span style=\"font-size: 10pt;\">ESPA\u00c7O EMPRESARIAL<\/span><a href=\"http:\/\/www.portalmantena.com.br\/novo\/wp-content\/uploads\/2018\/05\/postoterraboa.jpg\"><img loading=\"lazy\" class=\"alignnone size-full wp-image-29172\" src=\"http:\/\/www.portalmantena.com.br\/novo\/wp-content\/uploads\/2018\/05\/postoterraboa.jpg\" alt=\"\" width=\"700\" height=\"150\" srcset=\"http:\/\/www.portalmantena.com.br\/novo\/wp-content\/uploads\/2018\/05\/postoterraboa.jpg 700w, http:\/\/www.portalmantena.com.br\/novo\/wp-content\/uploads\/2018\/05\/postoterraboa-300x64.jpg 300w, http:\/\/www.portalmantena.com.br\/novo\/wp-content\/uploads\/2018\/05\/postoterraboa-696x150.jpg 696w\" sizes=\"(max-width: 700px) 100vw, 700px\" \/><\/a><\/p>\n","protected":false},"excerpt":{"rendered":"<p>Nesta sexta-feira dia 25 de Maio, mesmo horas ap\u00f3s o Governo federal ter acenado com um acordo com os caminhoneiros, a situa\u00e7\u00e3o continua complicada e a paralisa\u00e7\u00e3o segue. \u00a0 Este ato nacional dos caminhoneiros entrou no quinto dia e as consequ\u00eancias come\u00e7am a surgir afetando at\u00e9 mesmo cidades do interior. Em Mantena, t\u00e3o logo os [&hellip;]<\/p>\n","protected":false},"author":1,"featured_media":29659,"comment_status":"open","ping_status":"open","sticky":false,"template":"","format":"standard","meta":[],"categories":[36,12],"tags":[],"_links":{"self":[{"href":"http:\/\/www.portalmantena.com.br\/novo\/index.php?rest_route=\/wp\/v2\/posts\/29655"}],"collection":[{"href":"http:\/\/www.portalmantena.com.br\/novo\/index.php?rest_route=\/wp\/v2\/posts"}],"about":[{"href":"http:\/\/www.portalmantena.com.br\/novo\/index.php?rest_route=\/wp\/v2\/types\/post"}],"author":[{"embeddable":true,"href":"http:\/\/www.portalmantena.com.br\/novo\/index.php?rest_route=\/wp\/v2\/users\/1"}],"replies":[{"embeddable":true,"href":"http:\/\/www.portalmantena.com.br\/novo\/index.php?rest_route=%2Fwp%2Fv2%2Fcomments&post=29655"}],"version-history":[{"count":6,"href":"http:\/\/www.portalmantena.com.br\/novo\/index.php?rest_route=\/wp\/v2\/posts\/29655\/revisions"}],"predecessor-version":[{"id":29665,"href":"http:\/\/www.portalmantena.com.br\/novo\/index.php?rest_route=\/wp\/v2\/posts\/29655\/revisions\/29665"}],"wp:featuredmedia":[{"embeddable":true,"href":"http:\/\/www.portalmantena.com.br\/novo\/index.php?rest_route=\/wp\/v2\/media\/29659"}],"wp:attachment":[{"href":"http:\/\/www.portalmantena.com.br\/novo\/index.php?rest_route=%2Fwp%2Fv2%2Fmedia&parent=29655"}],"wp:term":[{"taxonomy":"category","embeddable":true,"href":"http:\/\/www.portalmantena.com.br\/novo\/index.php?rest_route=%2Fwp%2Fv2%2Fcategories&post=29655"},{"taxonomy":"post_tag","embeddable":true,"href":"http:\/\/www.portalmantena.com.br\/novo\/index.php?rest_route=%2Fwp%2Fv2%2Ftags&post=29655"}],"curies":[{"name":"wp","href":"https:\/\/api.w.org\/{rel}","templated":true}]}}