{"id":29652,"date":"2018-05-25T11:37:31","date_gmt":"2018-05-25T14:37:31","guid":{"rendered":"http:\/\/www.portalmantena.com.br\/novo\/?p=29652"},"modified":"2018-05-25T11:37:31","modified_gmt":"2018-05-25T14:37:31","slug":"25mai-cortejo-pelo-centro-marcou-sepultamento-do-dr-shaston-cruz","status":"publish","type":"post","link":"http:\/\/www.portalmantena.com.br\/novo\/?p=29652","title":{"rendered":"25MAI &#8211; Cortejo pelo centro marcou sepultamento do Dr. Shaston Cruz"},"content":{"rendered":"<p><strong><a href=\"http:\/\/www.portalmantena.com.br\/novo\/wp-content\/uploads\/2017\/06\/diabaner-1.jpg\"><img loading=\"lazy\" class=\"alignnone size-full wp-image-8000\" src=\"http:\/\/www.portalmantena.com.br\/novo\/wp-content\/uploads\/2017\/06\/diabaner-1.jpg\" alt=\"\" width=\"650\" height=\"100\" srcset=\"http:\/\/www.portalmantena.com.br\/novo\/wp-content\/uploads\/2017\/06\/diabaner-1.jpg 650w, http:\/\/www.portalmantena.com.br\/novo\/wp-content\/uploads\/2017\/06\/diabaner-1-300x46.jpg 300w\" sizes=\"(max-width: 650px) 100vw, 650px\" \/><\/a><\/strong><a href=\"http:\/\/www.portalmantena.com.br\/novo\/wp-content\/uploads\/2018\/05\/dia250518b.jpg\"><img loading=\"lazy\" class=\"alignnone size-full wp-image-29653\" src=\"http:\/\/www.portalmantena.com.br\/novo\/wp-content\/uploads\/2018\/05\/dia250518b.jpg\" alt=\"\" width=\"700\" height=\"450\" srcset=\"http:\/\/www.portalmantena.com.br\/novo\/wp-content\/uploads\/2018\/05\/dia250518b.jpg 700w, http:\/\/www.portalmantena.com.br\/novo\/wp-content\/uploads\/2018\/05\/dia250518b-300x193.jpg 300w, http:\/\/www.portalmantena.com.br\/novo\/wp-content\/uploads\/2018\/05\/dia250518b-696x447.jpg 696w, http:\/\/www.portalmantena.com.br\/novo\/wp-content\/uploads\/2018\/05\/dia250518b-653x420.jpg 653w\" sizes=\"(max-width: 700px) 100vw, 700px\" \/><\/a><\/p>\n<p><strong>25 de Maio<\/strong>\u00a0&#8211;\u00a0Foi sepultado na manh\u00e3 desta sexta-feira em Mantena, no cemit\u00e9rio do centro, o corpo do jovem m\u00e9dico mantenense Dr. Shaston Cruz de Souza. Ap\u00f3s o culto f\u00fanebre realizado na Primeira Igreja Batista de Mantena, o corpo seguiu em um carro funer\u00e1rio, seguido pelo cortejo na avenida Get\u00falio Vargas at\u00e9 o Cemit\u00e9rio.<\/p>\n<p>Momentos de despedida dos mantenenses ao m\u00e9dico que mesmo t\u00e3o jovem j\u00e1 havia prestado relevantes servi\u00e7os \u00e0 comunidade.<\/p>\n","protected":false},"excerpt":{"rendered":"<p>25 de Maio\u00a0&#8211;\u00a0Foi sepultado na manh\u00e3 desta sexta-feira em Mantena, no cemit\u00e9rio do centro, o corpo do jovem m\u00e9dico mantenense Dr. Shaston Cruz de Souza. Ap\u00f3s o culto f\u00fanebre realizado na Primeira Igreja Batista de Mantena, o corpo seguiu em um carro funer\u00e1rio, seguido pelo cortejo na avenida Get\u00falio Vargas at\u00e9 o Cemit\u00e9rio. Momentos de [&hellip;]<\/p>\n","protected":false},"author":1,"featured_media":29653,"comment_status":"open","ping_status":"open","sticky":false,"template":"","format":"standard","meta":[],"categories":[50],"tags":[],"_links":{"self":[{"href":"http:\/\/www.portalmantena.com.br\/novo\/index.php?rest_route=\/wp\/v2\/posts\/29652"}],"collection":[{"href":"http:\/\/www.portalmantena.com.br\/novo\/index.php?rest_route=\/wp\/v2\/posts"}],"about":[{"href":"http:\/\/www.portalmantena.com.br\/novo\/index.php?rest_route=\/wp\/v2\/types\/post"}],"author":[{"embeddable":true,"href":"http:\/\/www.portalmantena.com.br\/novo\/index.php?rest_route=\/wp\/v2\/users\/1"}],"replies":[{"embeddable":true,"href":"http:\/\/www.portalmantena.com.br\/novo\/index.php?rest_route=%2Fwp%2Fv2%2Fcomments&post=29652"}],"version-history":[{"count":1,"href":"http:\/\/www.portalmantena.com.br\/novo\/index.php?rest_route=\/wp\/v2\/posts\/29652\/revisions"}],"predecessor-version":[{"id":29654,"href":"http:\/\/www.portalmantena.com.br\/novo\/index.php?rest_route=\/wp\/v2\/posts\/29652\/revisions\/29654"}],"wp:featuredmedia":[{"embeddable":true,"href":"http:\/\/www.portalmantena.com.br\/novo\/index.php?rest_route=\/wp\/v2\/media\/29653"}],"wp:attachment":[{"href":"http:\/\/www.portalmantena.com.br\/novo\/index.php?rest_route=%2Fwp%2Fv2%2Fmedia&parent=29652"}],"wp:term":[{"taxonomy":"category","embeddable":true,"href":"http:\/\/www.portalmantena.com.br\/novo\/index.php?rest_route=%2Fwp%2Fv2%2Fcategories&post=29652"},{"taxonomy":"post_tag","embeddable":true,"href":"http:\/\/www.portalmantena.com.br\/novo\/index.php?rest_route=%2Fwp%2Fv2%2Ftags&post=29652"}],"curies":[{"name":"wp","href":"https:\/\/api.w.org\/{rel}","templated":true}]}}