{"id":29202,"date":"2018-05-18T09:31:08","date_gmt":"2018-05-18T12:31:08","guid":{"rendered":"http:\/\/www.portalmantena.com.br\/novo\/?p=29202"},"modified":"2018-05-18T09:47:44","modified_gmt":"2018-05-18T12:47:44","slug":"19mai-mobilizacao-contra-o-abuso-sexual-de-criancas-e-adolescentes","status":"publish","type":"post","link":"http:\/\/www.portalmantena.com.br\/novo\/?p=29202","title":{"rendered":"18MAI &#8211; Mobiliza\u00e7\u00e3o contra o abuso sexual de Crian\u00e7as e Adolescentes"},"content":{"rendered":"<p><strong><a href=\"http:\/\/www.portalmantena.com.br\/novo\/wp-content\/uploads\/2017\/06\/diabaner-1.jpg\"><img loading=\"lazy\" class=\"alignnone size-full wp-image-8000\" src=\"http:\/\/www.portalmantena.com.br\/novo\/wp-content\/uploads\/2017\/06\/diabaner-1.jpg\" alt=\"\" width=\"650\" height=\"100\" srcset=\"http:\/\/www.portalmantena.com.br\/novo\/wp-content\/uploads\/2017\/06\/diabaner-1.jpg 650w, http:\/\/www.portalmantena.com.br\/novo\/wp-content\/uploads\/2017\/06\/diabaner-1-300x46.jpg 300w\" sizes=\"(max-width: 650px) 100vw, 650px\" \/><\/a><\/strong><a href=\"http:\/\/www.portalmantena.com.br\/novo\/wp-content\/uploads\/2018\/05\/dia180518b.jpg\"><img loading=\"lazy\" class=\"alignnone size-full wp-image-29206\" src=\"http:\/\/www.portalmantena.com.br\/novo\/wp-content\/uploads\/2018\/05\/dia180518b.jpg\" alt=\"\" width=\"700\" height=\"450\" srcset=\"http:\/\/www.portalmantena.com.br\/novo\/wp-content\/uploads\/2018\/05\/dia180518b.jpg 700w, http:\/\/www.portalmantena.com.br\/novo\/wp-content\/uploads\/2018\/05\/dia180518b-300x193.jpg 300w, http:\/\/www.portalmantena.com.br\/novo\/wp-content\/uploads\/2018\/05\/dia180518b-696x447.jpg 696w, http:\/\/www.portalmantena.com.br\/novo\/wp-content\/uploads\/2018\/05\/dia180518b-653x420.jpg 653w\" sizes=\"(max-width: 700px) 100vw, 700px\" \/><\/a><\/p>\n<p><strong>18 de Maio<\/strong>\u00a0&#8211;\u00a0Dia Nacional contra o Abuso sexual de crian\u00e7as e adolescentes acontece em todo o Brasil, e em Mantena uma concentra\u00e7\u00e3o aconteceu no centro a cidade envolvendo a participa\u00e7\u00e3o de alunos da escola municipal Frei Inoc\u00eancio, APAE, Guarda Mirim e ainda autoridades municipais, Pol\u00edcia Militar e comunidade.<\/p>\n<p>Como chovia no momento da concentra\u00e7\u00e3o uma passeata que estava programada acabou n\u00e3o acontecendo, no entanto o objetivo \u00e9 chamar a aten\u00e7\u00e3o da popula\u00e7\u00e3o para esta campanha que visa preservar nossas crian\u00e7as.<\/p>\n<p>&nbsp;<\/p>\n<p><span style=\"font-size: 10pt;\">ESPA\u00c7O EMPRESARIAL<\/span><a href=\"http:\/\/www.portalmantena.com.br\/novo\/wp-content\/uploads\/2018\/05\/postoterraboa.jpg\"><img loading=\"lazy\" class=\"alignnone size-full wp-image-29172\" src=\"http:\/\/www.portalmantena.com.br\/novo\/wp-content\/uploads\/2018\/05\/postoterraboa.jpg\" alt=\"\" width=\"700\" height=\"150\" srcset=\"http:\/\/www.portalmantena.com.br\/novo\/wp-content\/uploads\/2018\/05\/postoterraboa.jpg 700w, http:\/\/www.portalmantena.com.br\/novo\/wp-content\/uploads\/2018\/05\/postoterraboa-300x64.jpg 300w, http:\/\/www.portalmantena.com.br\/novo\/wp-content\/uploads\/2018\/05\/postoterraboa-696x150.jpg 696w\" sizes=\"(max-width: 700px) 100vw, 700px\" \/><\/a><\/p>\n","protected":false},"excerpt":{"rendered":"<p>18 de Maio\u00a0&#8211;\u00a0Dia Nacional contra o Abuso sexual de crian\u00e7as e adolescentes acontece em todo o Brasil, e em Mantena uma concentra\u00e7\u00e3o aconteceu no centro a cidade envolvendo a participa\u00e7\u00e3o de alunos da escola municipal Frei Inoc\u00eancio, APAE, Guarda Mirim e ainda autoridades municipais, Pol\u00edcia Militar e comunidade. Como chovia no momento da concentra\u00e7\u00e3o uma [&hellip;]<\/p>\n","protected":false},"author":1,"featured_media":29206,"comment_status":"open","ping_status":"open","sticky":false,"template":"","format":"standard","meta":[],"categories":[50],"tags":[],"_links":{"self":[{"href":"http:\/\/www.portalmantena.com.br\/novo\/index.php?rest_route=\/wp\/v2\/posts\/29202"}],"collection":[{"href":"http:\/\/www.portalmantena.com.br\/novo\/index.php?rest_route=\/wp\/v2\/posts"}],"about":[{"href":"http:\/\/www.portalmantena.com.br\/novo\/index.php?rest_route=\/wp\/v2\/types\/post"}],"author":[{"embeddable":true,"href":"http:\/\/www.portalmantena.com.br\/novo\/index.php?rest_route=\/wp\/v2\/users\/1"}],"replies":[{"embeddable":true,"href":"http:\/\/www.portalmantena.com.br\/novo\/index.php?rest_route=%2Fwp%2Fv2%2Fcomments&post=29202"}],"version-history":[{"count":3,"href":"http:\/\/www.portalmantena.com.br\/novo\/index.php?rest_route=\/wp\/v2\/posts\/29202\/revisions"}],"predecessor-version":[{"id":29222,"href":"http:\/\/www.portalmantena.com.br\/novo\/index.php?rest_route=\/wp\/v2\/posts\/29202\/revisions\/29222"}],"wp:featuredmedia":[{"embeddable":true,"href":"http:\/\/www.portalmantena.com.br\/novo\/index.php?rest_route=\/wp\/v2\/media\/29206"}],"wp:attachment":[{"href":"http:\/\/www.portalmantena.com.br\/novo\/index.php?rest_route=%2Fwp%2Fv2%2Fmedia&parent=29202"}],"wp:term":[{"taxonomy":"category","embeddable":true,"href":"http:\/\/www.portalmantena.com.br\/novo\/index.php?rest_route=%2Fwp%2Fv2%2Fcategories&post=29202"},{"taxonomy":"post_tag","embeddable":true,"href":"http:\/\/www.portalmantena.com.br\/novo\/index.php?rest_route=%2Fwp%2Fv2%2Ftags&post=29202"}],"curies":[{"name":"wp","href":"https:\/\/api.w.org\/{rel}","templated":true}]}}