{"id":29153,"date":"2018-05-17T10:31:01","date_gmt":"2018-05-17T13:31:01","guid":{"rendered":"http:\/\/www.portalmantena.com.br\/novo\/?p=29153"},"modified":"2018-05-17T10:39:10","modified_gmt":"2018-05-17T13:39:10","slug":"reajuste-na-conta-de-luz-em-minas-pode-chegar-a-25","status":"publish","type":"post","link":"http:\/\/www.portalmantena.com.br\/novo\/?p=29153","title":{"rendered":"Reajuste na conta de Luz em Minas pode chegar a 25%"},"content":{"rendered":"<p><a href=\"http:\/\/www.portalmantena.com.br\/novo\/wp-content\/uploads\/2018\/05\/no170518contaluz.jpg\"><img loading=\"lazy\" class=\"alignnone size-full wp-image-29154\" src=\"http:\/\/www.portalmantena.com.br\/novo\/wp-content\/uploads\/2018\/05\/no170518contaluz.jpg\" alt=\"\" width=\"700\" height=\"450\" srcset=\"http:\/\/www.portalmantena.com.br\/novo\/wp-content\/uploads\/2018\/05\/no170518contaluz.jpg 700w, http:\/\/www.portalmantena.com.br\/novo\/wp-content\/uploads\/2018\/05\/no170518contaluz-300x193.jpg 300w, http:\/\/www.portalmantena.com.br\/novo\/wp-content\/uploads\/2018\/05\/no170518contaluz-696x447.jpg 696w, http:\/\/www.portalmantena.com.br\/novo\/wp-content\/uploads\/2018\/05\/no170518contaluz-653x420.jpg 653w\" sizes=\"(max-width: 700px) 100vw, 700px\" \/><\/a><\/p>\n<p><span style=\"font-size: 14pt;\">Se por um lado a Cemig tem a comemorar um lucro l\u00edquido de R$ 465 milh\u00f5es no primeiro trimestre de 2018 \u2013 um crescimento de 35,9% em rela\u00e7\u00e3o aos R$ 343 milh\u00f5es registrados no primeiro trimestre de 2017; por outro, a not\u00edcia n\u00e3o \u00e9 boa para os consumidores mineiros. <\/span><\/p>\n<p><span style=\"font-size: 14pt;\">No pr\u00f3ximo 22, em reuni\u00e3o p\u00fablica, a Ag\u00eancia Nacional de Energia El\u00e9trica (Aneel) vai definir o reajuste tarif\u00e1rio para todas as classes dos grupos A (grandes consumidores de alta e m\u00e9dia tens\u00e3o) e B (consumidores de baixa tens\u00e3o). <\/span><\/p>\n<p><span style=\"font-size: 14pt;\">A expectativa, segundo sinaliza\u00e7\u00e3o da ag\u00eancia reguladora, \u00e9 de que o reajuste m\u00e9dio fique entre 22% e 25%. <\/span><\/p>\n<p><span style=\"font-size: 14pt;\">\u201c\u00c9 a chamada revis\u00e3o tarif\u00e1ria, que ocorre a cada cinco anos e \u00e9 definida pela Aneel. Considerando 100% do reajuste, apenas 17% (ou um sexto) ficam com a Cemig para a reposi\u00e7\u00e3o dos investimentos realizados no per\u00edodo, da ordem de R$ 5 bilh\u00f5es\u201d, esclareceu ontem Ronaldo Gomes de Abreu, diretor de Distribui\u00e7\u00e3o e Comercializa\u00e7\u00e3o. <\/span><\/p>\n<p><span style=\"font-size: 14pt;\">As novas tarifas passar\u00e3o a ser cobradas a partir de 28 deste m\u00eas. (fonte:EM).<\/span><\/p>\n<p><span style=\"font-size: 10pt;\">ESPA\u00c7O EMPRESARIAL<\/span><a href=\"http:\/\/www.portalmantena.com.br\/novo\/?p=28244\"><img loading=\"lazy\" class=\"alignnone size-full wp-image-29156\" src=\"http:\/\/www.portalmantena.com.br\/novo\/wp-content\/uploads\/2018\/05\/uni030518p-1.jpg\" alt=\"\" width=\"700\" height=\"150\" srcset=\"http:\/\/www.portalmantena.com.br\/novo\/wp-content\/uploads\/2018\/05\/uni030518p-1.jpg 700w, http:\/\/www.portalmantena.com.br\/novo\/wp-content\/uploads\/2018\/05\/uni030518p-1-300x64.jpg 300w, http:\/\/www.portalmantena.com.br\/novo\/wp-content\/uploads\/2018\/05\/uni030518p-1-696x150.jpg 696w\" sizes=\"(max-width: 700px) 100vw, 700px\" \/><\/a><\/p>\n","protected":false},"excerpt":{"rendered":"<p>Se por um lado a Cemig tem a comemorar um lucro l\u00edquido de R$ 465 milh\u00f5es no primeiro trimestre de 2018 \u2013 um crescimento de 35,9% em rela\u00e7\u00e3o aos R$ 343 milh\u00f5es registrados no primeiro trimestre de 2017; por outro, a not\u00edcia n\u00e3o \u00e9 boa para os consumidores mineiros. No pr\u00f3ximo 22, em reuni\u00e3o p\u00fablica, [&hellip;]<\/p>\n","protected":false},"author":1,"featured_media":29154,"comment_status":"open","ping_status":"open","sticky":false,"template":"","format":"standard","meta":[],"categories":[36,11],"tags":[],"_links":{"self":[{"href":"http:\/\/www.portalmantena.com.br\/novo\/index.php?rest_route=\/wp\/v2\/posts\/29153"}],"collection":[{"href":"http:\/\/www.portalmantena.com.br\/novo\/index.php?rest_route=\/wp\/v2\/posts"}],"about":[{"href":"http:\/\/www.portalmantena.com.br\/novo\/index.php?rest_route=\/wp\/v2\/types\/post"}],"author":[{"embeddable":true,"href":"http:\/\/www.portalmantena.com.br\/novo\/index.php?rest_route=\/wp\/v2\/users\/1"}],"replies":[{"embeddable":true,"href":"http:\/\/www.portalmantena.com.br\/novo\/index.php?rest_route=%2Fwp%2Fv2%2Fcomments&post=29153"}],"version-history":[{"count":2,"href":"http:\/\/www.portalmantena.com.br\/novo\/index.php?rest_route=\/wp\/v2\/posts\/29153\/revisions"}],"predecessor-version":[{"id":29158,"href":"http:\/\/www.portalmantena.com.br\/novo\/index.php?rest_route=\/wp\/v2\/posts\/29153\/revisions\/29158"}],"wp:featuredmedia":[{"embeddable":true,"href":"http:\/\/www.portalmantena.com.br\/novo\/index.php?rest_route=\/wp\/v2\/media\/29154"}],"wp:attachment":[{"href":"http:\/\/www.portalmantena.com.br\/novo\/index.php?rest_route=%2Fwp%2Fv2%2Fmedia&parent=29153"}],"wp:term":[{"taxonomy":"category","embeddable":true,"href":"http:\/\/www.portalmantena.com.br\/novo\/index.php?rest_route=%2Fwp%2Fv2%2Fcategories&post=29153"},{"taxonomy":"post_tag","embeddable":true,"href":"http:\/\/www.portalmantena.com.br\/novo\/index.php?rest_route=%2Fwp%2Fv2%2Ftags&post=29153"}],"curies":[{"name":"wp","href":"https:\/\/api.w.org\/{rel}","templated":true}]}}