{"id":29117,"date":"2018-05-17T14:28:03","date_gmt":"2018-05-17T17:28:03","guid":{"rendered":"http:\/\/www.portalmantena.com.br\/novo\/?p=29117"},"modified":"2018-05-18T09:47:04","modified_gmt":"2018-05-18T12:47:04","slug":"pm-prende-suspeito-de-chefiar-quadrilha-de-traficantes","status":"publish","type":"post","link":"http:\/\/www.portalmantena.com.br\/novo\/?p=29117","title":{"rendered":"PM prende suspeito de chefiar quadrilha de traficantes"},"content":{"rendered":"<p><a href=\"http:\/\/www.portalmantena.com.br\/novo\/wp-content\/uploads\/2018\/05\/pm4.jpg\"><img loading=\"lazy\" class=\"alignnone size-full wp-image-29118\" src=\"http:\/\/www.portalmantena.com.br\/novo\/wp-content\/uploads\/2018\/05\/pm4.jpg\" alt=\"\" width=\"700\" height=\"450\" srcset=\"http:\/\/www.portalmantena.com.br\/novo\/wp-content\/uploads\/2018\/05\/pm4.jpg 700w, http:\/\/www.portalmantena.com.br\/novo\/wp-content\/uploads\/2018\/05\/pm4-300x193.jpg 300w, http:\/\/www.portalmantena.com.br\/novo\/wp-content\/uploads\/2018\/05\/pm4-696x447.jpg 696w, http:\/\/www.portalmantena.com.br\/novo\/wp-content\/uploads\/2018\/05\/pm4-653x420.jpg 653w\" sizes=\"(max-width: 700px) 100vw, 700px\" \/><\/a><\/p>\n<p><span style=\"font-size: 14pt;\">Policiais militares do 2\u00ba Batalh\u00e3o, com apoio de agentes da SEJUS prenderam na noite desta segunda-feira (14) na cidade de S\u00e3o Gabriel da Palha, um suspeito de 31 anos. <\/span><\/p>\n<p><span style=\"font-size: 14pt;\">Ele \u00e9 apontado como chefe de uma quadrilha de traficantes de drogas no Bairro S\u00e3o Sebasti\u00e3o. O suspeito foi abordado pelos militares da For\u00e7a T\u00e1tica, da radiopatrulha e do Servi\u00e7o de Intelig\u00eancia da 3\u00aa Companhia\/2\u00ba BPM, com apoio de agentes da SEJUS, quando desembarcada na rodovi\u00e1ria de S\u00e3o Gabriel. <\/span><\/p>\n<p><span style=\"font-size: 14pt;\">O homem estava se deslocando de terra Vermelha em Vila Velha com destino a S\u00e3o Gabriel em um \u00f4nibus que fazia a linha Vit\u00f3ria x Itabuna\/BA. <\/span><\/p>\n<p><span style=\"font-size: 14pt;\">Ele estava nos fundos do coletivo quando foi abordado pelos policiais. Durante as buscas, os policiais prenderam tamb\u00e9m um outro suspeito que estava com uma pequena quantidade de drogas e um triturador de maconha. <\/span><\/p>\n<p><span style=\"font-size: 14pt;\">Os materiais foram encontrados com apoio do c\u00e3o farejador da equipe da SEJUS. Os acusados foram encaminhados ao plant\u00e3o policial de Barra de S\u00e3o Francisco. <\/span><\/p>\n<p><span style=\"font-size: 14pt;\">Contra o autor havia um mandado de pris\u00e3o expedido pela Justi\u00e7a da Comarca de S\u00e3o Gabriel. Ele \u00e9 suspeito de ter envolvimento com crimes de tr\u00e1fico de drogas, homic\u00eddios e outros delitos. (fonte\/PM).<\/span><\/p>\n<p>&nbsp;<\/p>\n<p><span style=\"font-size: 10pt;\">ESPA\u00c7O EMPRESARIAL<\/span><a href=\"http:\/\/www.portalmantena.com.br\/novo\/wp-content\/uploads\/2018\/05\/postoterraboa.jpg\"><img loading=\"lazy\" class=\"alignnone size-full wp-image-29172\" src=\"http:\/\/www.portalmantena.com.br\/novo\/wp-content\/uploads\/2018\/05\/postoterraboa.jpg\" alt=\"\" width=\"700\" height=\"150\" srcset=\"http:\/\/www.portalmantena.com.br\/novo\/wp-content\/uploads\/2018\/05\/postoterraboa.jpg 700w, http:\/\/www.portalmantena.com.br\/novo\/wp-content\/uploads\/2018\/05\/postoterraboa-300x64.jpg 300w, http:\/\/www.portalmantena.com.br\/novo\/wp-content\/uploads\/2018\/05\/postoterraboa-696x150.jpg 696w\" sizes=\"(max-width: 700px) 100vw, 700px\" \/><\/a><\/p>\n","protected":false},"excerpt":{"rendered":"<p>Policiais militares do 2\u00ba Batalh\u00e3o, com apoio de agentes da SEJUS prenderam na noite desta segunda-feira (14) na cidade de S\u00e3o Gabriel da Palha, um suspeito de 31 anos. Ele \u00e9 apontado como chefe de uma quadrilha de traficantes de drogas no Bairro S\u00e3o Sebasti\u00e3o. O suspeito foi abordado pelos militares da For\u00e7a T\u00e1tica, da [&hellip;]<\/p>\n","protected":false},"author":1,"featured_media":29118,"comment_status":"open","ping_status":"open","sticky":false,"template":"","format":"standard","meta":[],"categories":[11,34],"tags":[],"_links":{"self":[{"href":"http:\/\/www.portalmantena.com.br\/novo\/index.php?rest_route=\/wp\/v2\/posts\/29117"}],"collection":[{"href":"http:\/\/www.portalmantena.com.br\/novo\/index.php?rest_route=\/wp\/v2\/posts"}],"about":[{"href":"http:\/\/www.portalmantena.com.br\/novo\/index.php?rest_route=\/wp\/v2\/types\/post"}],"author":[{"embeddable":true,"href":"http:\/\/www.portalmantena.com.br\/novo\/index.php?rest_route=\/wp\/v2\/users\/1"}],"replies":[{"embeddable":true,"href":"http:\/\/www.portalmantena.com.br\/novo\/index.php?rest_route=%2Fwp%2Fv2%2Fcomments&post=29117"}],"version-history":[{"count":2,"href":"http:\/\/www.portalmantena.com.br\/novo\/index.php?rest_route=\/wp\/v2\/posts\/29117\/revisions"}],"predecessor-version":[{"id":29220,"href":"http:\/\/www.portalmantena.com.br\/novo\/index.php?rest_route=\/wp\/v2\/posts\/29117\/revisions\/29220"}],"wp:featuredmedia":[{"embeddable":true,"href":"http:\/\/www.portalmantena.com.br\/novo\/index.php?rest_route=\/wp\/v2\/media\/29118"}],"wp:attachment":[{"href":"http:\/\/www.portalmantena.com.br\/novo\/index.php?rest_route=%2Fwp%2Fv2%2Fmedia&parent=29117"}],"wp:term":[{"taxonomy":"category","embeddable":true,"href":"http:\/\/www.portalmantena.com.br\/novo\/index.php?rest_route=%2Fwp%2Fv2%2Fcategories&post=29117"},{"taxonomy":"post_tag","embeddable":true,"href":"http:\/\/www.portalmantena.com.br\/novo\/index.php?rest_route=%2Fwp%2Fv2%2Ftags&post=29117"}],"curies":[{"name":"wp","href":"https:\/\/api.w.org\/{rel}","templated":true}]}}