{"id":28982,"date":"2018-05-15T08:00:13","date_gmt":"2018-05-15T11:00:13","guid":{"rendered":"http:\/\/www.portalmantena.com.br\/novo\/?p=28982"},"modified":"2018-05-15T08:00:13","modified_gmt":"2018-05-15T11:00:13","slug":"rapaz-e-morto-minutos-apos-deixar-o-presidio","status":"publish","type":"post","link":"http:\/\/www.portalmantena.com.br\/novo\/?p=28982","title":{"rendered":"Rapaz \u00e9 morto minutos ap\u00f3s deixar o pres\u00eddio"},"content":{"rendered":"<p><span style=\"font-size: 14pt;\">Um jovem de 19 anos foi assassinado, na noite deste s\u00e1bado (13), poucos minutos depois de deixar o pres\u00eddio de Governador Valadares. Segundo a Pol\u00edcia Civil, Vin\u00edcius Moreira da Silva foi morto no bairro Santos Dumont II, com um tiro no rosto. A per\u00edcia tamb\u00e9m encontrou marcas de agress\u00f5es por peda\u00e7os de concreto. <\/span><\/p>\n<p><span style=\"font-size: 14pt;\">Ainda segundo a PC, antes de deixar o pres\u00eddio, o jovem ligou para uma pessoa pedindo para busc\u00e1-lo. Ele chegou a pegar carona com um motociclista n\u00e3o identificado, mas foi surpreendido por um criminoso armado poucos metros depois do pres\u00eddio. <\/span><\/p>\n<p><span style=\"font-size: 14pt;\">O motociclista que dava a carona ao ex-presidi\u00e1rio fugiu e n\u00e3o foi identificado pela Pol\u00edcia. <\/span><\/p>\n<p><span style=\"font-size: 14pt;\">O autor do crime tamb\u00e9m n\u00e3o foi identificado. Para a PC, as poss\u00edveis causas do assassinato ainda s\u00e3o desconhecidas. Ap\u00f3s os trabalhos da per\u00edcia, o corpo do jovem foi encaminhado para o IML de Governador Valadares.(fonte:g1\/vales).<\/span><\/p>\n","protected":false},"excerpt":{"rendered":"<p>Um jovem de 19 anos foi assassinado, na noite deste s\u00e1bado (13), poucos minutos depois de deixar o pres\u00eddio de Governador Valadares. Segundo a Pol\u00edcia Civil, Vin\u00edcius Moreira da Silva foi morto no bairro Santos Dumont II, com um tiro no rosto. A per\u00edcia tamb\u00e9m encontrou marcas de agress\u00f5es por peda\u00e7os de concreto. Ainda segundo [&hellip;]<\/p>\n","protected":false},"author":1,"featured_media":0,"comment_status":"open","ping_status":"open","sticky":false,"template":"","format":"standard","meta":[],"categories":[24],"tags":[],"_links":{"self":[{"href":"http:\/\/www.portalmantena.com.br\/novo\/index.php?rest_route=\/wp\/v2\/posts\/28982"}],"collection":[{"href":"http:\/\/www.portalmantena.com.br\/novo\/index.php?rest_route=\/wp\/v2\/posts"}],"about":[{"href":"http:\/\/www.portalmantena.com.br\/novo\/index.php?rest_route=\/wp\/v2\/types\/post"}],"author":[{"embeddable":true,"href":"http:\/\/www.portalmantena.com.br\/novo\/index.php?rest_route=\/wp\/v2\/users\/1"}],"replies":[{"embeddable":true,"href":"http:\/\/www.portalmantena.com.br\/novo\/index.php?rest_route=%2Fwp%2Fv2%2Fcomments&post=28982"}],"version-history":[{"count":1,"href":"http:\/\/www.portalmantena.com.br\/novo\/index.php?rest_route=\/wp\/v2\/posts\/28982\/revisions"}],"predecessor-version":[{"id":28985,"href":"http:\/\/www.portalmantena.com.br\/novo\/index.php?rest_route=\/wp\/v2\/posts\/28982\/revisions\/28985"}],"wp:attachment":[{"href":"http:\/\/www.portalmantena.com.br\/novo\/index.php?rest_route=%2Fwp%2Fv2%2Fmedia&parent=28982"}],"wp:term":[{"taxonomy":"category","embeddable":true,"href":"http:\/\/www.portalmantena.com.br\/novo\/index.php?rest_route=%2Fwp%2Fv2%2Fcategories&post=28982"},{"taxonomy":"post_tag","embeddable":true,"href":"http:\/\/www.portalmantena.com.br\/novo\/index.php?rest_route=%2Fwp%2Fv2%2Ftags&post=28982"}],"curies":[{"name":"wp","href":"https:\/\/api.w.org\/{rel}","templated":true}]}}