{"id":28977,"date":"2018-05-14T16:46:16","date_gmt":"2018-05-14T19:46:16","guid":{"rendered":"http:\/\/www.portalmantena.com.br\/novo\/?p=28977"},"modified":"2018-05-14T16:46:16","modified_gmt":"2018-05-14T19:46:16","slug":"cristina-melado-completando-mais-um-ano-de-vida-parabens","status":"publish","type":"post","link":"http:\/\/www.portalmantena.com.br\/novo\/?p=28977","title":{"rendered":"Cristina Melado completando mais um ano de vida, parab\u00e9ns"},"content":{"rendered":"<p><a href=\"http:\/\/www.portalmantena.com.br\/novo\/wp-content\/uploads\/2018\/05\/vi140518cristina.jpg\"><img loading=\"lazy\" class=\"alignnone size-full wp-image-28978\" src=\"http:\/\/www.portalmantena.com.br\/novo\/wp-content\/uploads\/2018\/05\/vi140518cristina.jpg\" alt=\"\" width=\"700\" height=\"450\" srcset=\"http:\/\/www.portalmantena.com.br\/novo\/wp-content\/uploads\/2018\/05\/vi140518cristina.jpg 700w, http:\/\/www.portalmantena.com.br\/novo\/wp-content\/uploads\/2018\/05\/vi140518cristina-300x193.jpg 300w, http:\/\/www.portalmantena.com.br\/novo\/wp-content\/uploads\/2018\/05\/vi140518cristina-696x447.jpg 696w, http:\/\/www.portalmantena.com.br\/novo\/wp-content\/uploads\/2018\/05\/vi140518cristina-653x420.jpg 653w\" sizes=\"(max-width: 700px) 100vw, 700px\" \/><\/a><\/p>\n<p><span style=\"font-size: 14pt;\">A mantenense Cristina Melado \u00e9 quem comemora mais um ano de vida nesta segunda-feira dia 14 de Maio. <\/span><\/p>\n<p><span style=\"font-size: 14pt;\">Na foto ao lado do seu esposo, o empres\u00e1rio mantenense Jefinho Coelho.<\/span><\/p>\n<p><span style=\"font-size: 14pt;\">Aproveitamos a oportunidade para lhe desejar muitos e muitos anos de vida, e que o nosso Deus esteja lhe protegendo como tamb\u00e9m \u00e0 toda fam\u00edlia, parab\u00e9ns por este dia mais que especial.\u00a0<\/span><\/p>\n","protected":false},"excerpt":{"rendered":"<p>A mantenense Cristina Melado \u00e9 quem comemora mais um ano de vida nesta segunda-feira dia 14 de Maio. Na foto ao lado do seu esposo, o empres\u00e1rio mantenense Jefinho Coelho. Aproveitamos a oportunidade para lhe desejar muitos e muitos anos de vida, e que o nosso Deus esteja lhe protegendo como tamb\u00e9m \u00e0 toda fam\u00edlia, [&hellip;]<\/p>\n","protected":false},"author":1,"featured_media":28978,"comment_status":"open","ping_status":"open","sticky":false,"template":"","format":"standard","meta":[],"categories":[7],"tags":[],"_links":{"self":[{"href":"http:\/\/www.portalmantena.com.br\/novo\/index.php?rest_route=\/wp\/v2\/posts\/28977"}],"collection":[{"href":"http:\/\/www.portalmantena.com.br\/novo\/index.php?rest_route=\/wp\/v2\/posts"}],"about":[{"href":"http:\/\/www.portalmantena.com.br\/novo\/index.php?rest_route=\/wp\/v2\/types\/post"}],"author":[{"embeddable":true,"href":"http:\/\/www.portalmantena.com.br\/novo\/index.php?rest_route=\/wp\/v2\/users\/1"}],"replies":[{"embeddable":true,"href":"http:\/\/www.portalmantena.com.br\/novo\/index.php?rest_route=%2Fwp%2Fv2%2Fcomments&post=28977"}],"version-history":[{"count":1,"href":"http:\/\/www.portalmantena.com.br\/novo\/index.php?rest_route=\/wp\/v2\/posts\/28977\/revisions"}],"predecessor-version":[{"id":28979,"href":"http:\/\/www.portalmantena.com.br\/novo\/index.php?rest_route=\/wp\/v2\/posts\/28977\/revisions\/28979"}],"wp:featuredmedia":[{"embeddable":true,"href":"http:\/\/www.portalmantena.com.br\/novo\/index.php?rest_route=\/wp\/v2\/media\/28978"}],"wp:attachment":[{"href":"http:\/\/www.portalmantena.com.br\/novo\/index.php?rest_route=%2Fwp%2Fv2%2Fmedia&parent=28977"}],"wp:term":[{"taxonomy":"category","embeddable":true,"href":"http:\/\/www.portalmantena.com.br\/novo\/index.php?rest_route=%2Fwp%2Fv2%2Fcategories&post=28977"},{"taxonomy":"post_tag","embeddable":true,"href":"http:\/\/www.portalmantena.com.br\/novo\/index.php?rest_route=%2Fwp%2Fv2%2Ftags&post=28977"}],"curies":[{"name":"wp","href":"https:\/\/api.w.org\/{rel}","templated":true}]}}