{"id":28964,"date":"2018-05-15T05:03:07","date_gmt":"2018-05-15T08:03:07","guid":{"rendered":"http:\/\/www.portalmantena.com.br\/novo\/?p=28964"},"modified":"2018-05-17T11:27:00","modified_gmt":"2018-05-17T14:27:00","slug":"guarda-mirim-de-mantena-realiza-campanha-maio-amarelo","status":"publish","type":"post","link":"http:\/\/www.portalmantena.com.br\/novo\/?p=28964","title":{"rendered":"Guarda Mirim de Mantena realiza Campanha Maio Amarelo"},"content":{"rendered":"<p><a href=\"http:\/\/www.portalmantena.com.br\/novo\/wp-content\/uploads\/2018\/05\/no140518guarda4.jpg\"><img loading=\"lazy\" class=\"alignnone size-full wp-image-28968\" src=\"http:\/\/www.portalmantena.com.br\/novo\/wp-content\/uploads\/2018\/05\/no140518guarda4.jpg\" alt=\"\" width=\"700\" height=\"450\" srcset=\"http:\/\/www.portalmantena.com.br\/novo\/wp-content\/uploads\/2018\/05\/no140518guarda4.jpg 700w, http:\/\/www.portalmantena.com.br\/novo\/wp-content\/uploads\/2018\/05\/no140518guarda4-300x193.jpg 300w, http:\/\/www.portalmantena.com.br\/novo\/wp-content\/uploads\/2018\/05\/no140518guarda4-696x447.jpg 696w, http:\/\/www.portalmantena.com.br\/novo\/wp-content\/uploads\/2018\/05\/no140518guarda4-653x420.jpg 653w\" sizes=\"(max-width: 700px) 100vw, 700px\" \/><\/a><\/p>\n<p><span style=\"font-size: 14pt;\">A manh\u00e3 do \u00faltimo s\u00e1bado dia 12 de Maio foi tamb\u00e9m da realiza\u00e7\u00e3o de mais uma etapa da Campanha Maio Amarelo em Mantena. Uma campanha que foi criada a n\u00edvel mundial chamando aten\u00e7\u00e3o de todos para a seguran\u00e7a no tr\u00e2nsito. <\/span><\/p>\n<p><span style=\"font-size: 14pt;\">Neste s\u00e1bado, (ap\u00f3s o lan\u00e7amento da campanha durante a semana), alunos e a dire\u00e7\u00e3o da Associa\u00e7\u00e3o Guarda Mirim de Mantena, juntamente com volunt\u00e1rios, realizaram mais uma etapa de distribui\u00e7\u00e3o de adesivos alusivos \u00e0 campanha, evento que foi realizado na avenida Jos\u00e9 Mol, e contou com a participa\u00e7\u00e3o do comando da 18\u00aa Cia PM Ind. com a presen\u00e7a da Major Carla e outros PMs. <\/span><\/p>\n<p><span style=\"font-size: 14pt;\">A guarda mirim esteve presente com seu presidente Sub Tenente Wender e seu colaborador Sargento Amarildo. <\/span><\/p>\n<p><span style=\"font-size: 14pt;\">O evento contou ainda com a participa\u00e7\u00e3o da Banda da Guarda Mirim e seu maestro Jenilton Correia. Motoristas foram abordados e voluntariamente adesivaram seus carros com o tema da campanha, o mesmo acontecendo com os motociclistas. <\/span><\/p>\n<p><span style=\"font-size: 14pt;\">Lembrando que a campanha envolve n\u00e3o apenas os motoristas e motociclistas, mas os ciclistas e pedestres, todos buscando uma maior preocupa\u00e7\u00e3o com o Tr\u00e2nsito na cidade e rodovias, todos em busca de um tr\u00e2nsito melhor, mais paciente e sem viol\u00eancia, afinal de contas segundo levantamentos feitos pela PM, s\u00f3 neste in\u00edcio de ano j\u00e1 foram registrados mais de 39 acidentes, e ainda com 3 v\u00edtimas fatais.<\/span><\/p>\n<p><a href=\"http:\/\/www.portalmantena.com.br\/novo\/wp-content\/uploads\/2018\/05\/no140518guarda2.jpg\"><img loading=\"lazy\" class=\"alignnone size-full wp-image-28966\" src=\"http:\/\/www.portalmantena.com.br\/novo\/wp-content\/uploads\/2018\/05\/no140518guarda2.jpg\" alt=\"\" width=\"700\" height=\"450\" srcset=\"http:\/\/www.portalmantena.com.br\/novo\/wp-content\/uploads\/2018\/05\/no140518guarda2.jpg 700w, http:\/\/www.portalmantena.com.br\/novo\/wp-content\/uploads\/2018\/05\/no140518guarda2-300x193.jpg 300w, http:\/\/www.portalmantena.com.br\/novo\/wp-content\/uploads\/2018\/05\/no140518guarda2-696x447.jpg 696w, http:\/\/www.portalmantena.com.br\/novo\/wp-content\/uploads\/2018\/05\/no140518guarda2-653x420.jpg 653w\" sizes=\"(max-width: 700px) 100vw, 700px\" \/><\/a> <a href=\"http:\/\/www.portalmantena.com.br\/novo\/wp-content\/uploads\/2018\/05\/no140518guarda3.jpg\"><img loading=\"lazy\" class=\"alignnone size-full wp-image-28967\" src=\"http:\/\/www.portalmantena.com.br\/novo\/wp-content\/uploads\/2018\/05\/no140518guarda3.jpg\" alt=\"\" width=\"700\" height=\"450\" srcset=\"http:\/\/www.portalmantena.com.br\/novo\/wp-content\/uploads\/2018\/05\/no140518guarda3.jpg 700w, http:\/\/www.portalmantena.com.br\/novo\/wp-content\/uploads\/2018\/05\/no140518guarda3-300x193.jpg 300w, http:\/\/www.portalmantena.com.br\/novo\/wp-content\/uploads\/2018\/05\/no140518guarda3-696x447.jpg 696w, http:\/\/www.portalmantena.com.br\/novo\/wp-content\/uploads\/2018\/05\/no140518guarda3-653x420.jpg 653w\" sizes=\"(max-width: 700px) 100vw, 700px\" \/><\/a><a href=\"http:\/\/www.portalmantena.com.br\/novo\/wp-content\/uploads\/2018\/05\/no140518guarda1.jpg\"><img loading=\"lazy\" class=\"alignnone size-full wp-image-28965\" src=\"http:\/\/www.portalmantena.com.br\/novo\/wp-content\/uploads\/2018\/05\/no140518guarda1.jpg\" alt=\"\" width=\"700\" height=\"450\" srcset=\"http:\/\/www.portalmantena.com.br\/novo\/wp-content\/uploads\/2018\/05\/no140518guarda1.jpg 700w, http:\/\/www.portalmantena.com.br\/novo\/wp-content\/uploads\/2018\/05\/no140518guarda1-300x193.jpg 300w, http:\/\/www.portalmantena.com.br\/novo\/wp-content\/uploads\/2018\/05\/no140518guarda1-696x447.jpg 696w, http:\/\/www.portalmantena.com.br\/novo\/wp-content\/uploads\/2018\/05\/no140518guarda1-653x420.jpg 653w\" sizes=\"(max-width: 700px) 100vw, 700px\" \/><\/a><a href=\"http:\/\/www.portalmantena.com.br\/novo\/wp-content\/uploads\/2018\/05\/no140518guarda5.jpg\"><img loading=\"lazy\" class=\"alignnone size-full wp-image-28969\" src=\"http:\/\/www.portalmantena.com.br\/novo\/wp-content\/uploads\/2018\/05\/no140518guarda5.jpg\" alt=\"\" width=\"700\" height=\"450\" srcset=\"http:\/\/www.portalmantena.com.br\/novo\/wp-content\/uploads\/2018\/05\/no140518guarda5.jpg 700w, http:\/\/www.portalmantena.com.br\/novo\/wp-content\/uploads\/2018\/05\/no140518guarda5-300x193.jpg 300w, http:\/\/www.portalmantena.com.br\/novo\/wp-content\/uploads\/2018\/05\/no140518guarda5-696x447.jpg 696w, http:\/\/www.portalmantena.com.br\/novo\/wp-content\/uploads\/2018\/05\/no140518guarda5-653x420.jpg 653w\" sizes=\"(max-width: 700px) 100vw, 700px\" \/><\/a> <a href=\"http:\/\/www.portalmantena.com.br\/novo\/wp-content\/uploads\/2018\/05\/no140518guarda6.jpg\"><img loading=\"lazy\" class=\"alignnone size-full wp-image-28970\" src=\"http:\/\/www.portalmantena.com.br\/novo\/wp-content\/uploads\/2018\/05\/no140518guarda6.jpg\" alt=\"\" width=\"700\" height=\"450\" srcset=\"http:\/\/www.portalmantena.com.br\/novo\/wp-content\/uploads\/2018\/05\/no140518guarda6.jpg 700w, http:\/\/www.portalmantena.com.br\/novo\/wp-content\/uploads\/2018\/05\/no140518guarda6-300x193.jpg 300w, http:\/\/www.portalmantena.com.br\/novo\/wp-content\/uploads\/2018\/05\/no140518guarda6-696x447.jpg 696w, http:\/\/www.portalmantena.com.br\/novo\/wp-content\/uploads\/2018\/05\/no140518guarda6-653x420.jpg 653w\" sizes=\"(max-width: 700px) 100vw, 700px\" \/><\/a> <a href=\"http:\/\/www.portalmantena.com.br\/novo\/wp-content\/uploads\/2018\/05\/no140518guarda7.jpg\"><img loading=\"lazy\" class=\"alignnone size-full wp-image-28971\" src=\"http:\/\/www.portalmantena.com.br\/novo\/wp-content\/uploads\/2018\/05\/no140518guarda7.jpg\" alt=\"\" width=\"700\" height=\"450\" srcset=\"http:\/\/www.portalmantena.com.br\/novo\/wp-content\/uploads\/2018\/05\/no140518guarda7.jpg 700w, http:\/\/www.portalmantena.com.br\/novo\/wp-content\/uploads\/2018\/05\/no140518guarda7-300x193.jpg 300w, http:\/\/www.portalmantena.com.br\/novo\/wp-content\/uploads\/2018\/05\/no140518guarda7-696x447.jpg 696w, http:\/\/www.portalmantena.com.br\/novo\/wp-content\/uploads\/2018\/05\/no140518guarda7-653x420.jpg 653w\" sizes=\"(max-width: 700px) 100vw, 700px\" \/><\/a> <a href=\"http:\/\/www.portalmantena.com.br\/novo\/wp-content\/uploads\/2018\/05\/no140518guarda8.jpg\"><img loading=\"lazy\" class=\"alignnone size-full wp-image-28972\" src=\"http:\/\/www.portalmantena.com.br\/novo\/wp-content\/uploads\/2018\/05\/no140518guarda8.jpg\" alt=\"\" width=\"700\" height=\"450\" srcset=\"http:\/\/www.portalmantena.com.br\/novo\/wp-content\/uploads\/2018\/05\/no140518guarda8.jpg 700w, http:\/\/www.portalmantena.com.br\/novo\/wp-content\/uploads\/2018\/05\/no140518guarda8-300x193.jpg 300w, http:\/\/www.portalmantena.com.br\/novo\/wp-content\/uploads\/2018\/05\/no140518guarda8-696x447.jpg 696w, http:\/\/www.portalmantena.com.br\/novo\/wp-content\/uploads\/2018\/05\/no140518guarda8-653x420.jpg 653w\" sizes=\"(max-width: 700px) 100vw, 700px\" \/><\/a><\/p>\n<p>&nbsp;<\/p>\n<p><span style=\"font-size: 10pt;\">ESPA\u00c7O EMPRESARIAL<\/span><a href=\"https:\/\/www.facebook.com\/profile.php?id=100004934627949&amp;fref=ts\"><img loading=\"lazy\" class=\"alignnone size-full wp-image-29178\" src=\"http:\/\/www.portalmantena.com.br\/novo\/wp-content\/uploads\/2018\/05\/printcolor.jpg\" alt=\"\" width=\"700\" height=\"150\" srcset=\"http:\/\/www.portalmantena.com.br\/novo\/wp-content\/uploads\/2018\/05\/printcolor.jpg 700w, http:\/\/www.portalmantena.com.br\/novo\/wp-content\/uploads\/2018\/05\/printcolor-300x64.jpg 300w, http:\/\/www.portalmantena.com.br\/novo\/wp-content\/uploads\/2018\/05\/printcolor-696x150.jpg 696w\" sizes=\"(max-width: 700px) 100vw, 700px\" \/><\/a><\/p>\n","protected":false},"excerpt":{"rendered":"<p>A manh\u00e3 do \u00faltimo s\u00e1bado dia 12 de Maio foi tamb\u00e9m da realiza\u00e7\u00e3o de mais uma etapa da Campanha Maio Amarelo em Mantena. Uma campanha que foi criada a n\u00edvel mundial chamando aten\u00e7\u00e3o de todos para a seguran\u00e7a no tr\u00e2nsito. Neste s\u00e1bado, (ap\u00f3s o lan\u00e7amento da campanha durante a semana), alunos e a dire\u00e7\u00e3o da [&hellip;]<\/p>\n","protected":false},"author":1,"featured_media":28968,"comment_status":"open","ping_status":"open","sticky":false,"template":"","format":"standard","meta":[],"categories":[36,11],"tags":[],"_links":{"self":[{"href":"http:\/\/www.portalmantena.com.br\/novo\/index.php?rest_route=\/wp\/v2\/posts\/28964"}],"collection":[{"href":"http:\/\/www.portalmantena.com.br\/novo\/index.php?rest_route=\/wp\/v2\/posts"}],"about":[{"href":"http:\/\/www.portalmantena.com.br\/novo\/index.php?rest_route=\/wp\/v2\/types\/post"}],"author":[{"embeddable":true,"href":"http:\/\/www.portalmantena.com.br\/novo\/index.php?rest_route=\/wp\/v2\/users\/1"}],"replies":[{"embeddable":true,"href":"http:\/\/www.portalmantena.com.br\/novo\/index.php?rest_route=%2Fwp%2Fv2%2Fcomments&post=28964"}],"version-history":[{"count":3,"href":"http:\/\/www.portalmantena.com.br\/novo\/index.php?rest_route=\/wp\/v2\/posts\/28964\/revisions"}],"predecessor-version":[{"id":29180,"href":"http:\/\/www.portalmantena.com.br\/novo\/index.php?rest_route=\/wp\/v2\/posts\/28964\/revisions\/29180"}],"wp:featuredmedia":[{"embeddable":true,"href":"http:\/\/www.portalmantena.com.br\/novo\/index.php?rest_route=\/wp\/v2\/media\/28968"}],"wp:attachment":[{"href":"http:\/\/www.portalmantena.com.br\/novo\/index.php?rest_route=%2Fwp%2Fv2%2Fmedia&parent=28964"}],"wp:term":[{"taxonomy":"category","embeddable":true,"href":"http:\/\/www.portalmantena.com.br\/novo\/index.php?rest_route=%2Fwp%2Fv2%2Fcategories&post=28964"},{"taxonomy":"post_tag","embeddable":true,"href":"http:\/\/www.portalmantena.com.br\/novo\/index.php?rest_route=%2Fwp%2Fv2%2Ftags&post=28964"}],"curies":[{"name":"wp","href":"https:\/\/api.w.org\/{rel}","templated":true}]}}