{"id":28920,"date":"2018-05-14T10:19:35","date_gmt":"2018-05-14T13:19:35","guid":{"rendered":"http:\/\/www.portalmantena.com.br\/novo\/?p=28920"},"modified":"2018-05-14T10:19:35","modified_gmt":"2018-05-14T13:19:35","slug":"missa-de-7o-dia-de-keyla-emiliano-nesta-terca-feira","status":"publish","type":"post","link":"http:\/\/www.portalmantena.com.br\/novo\/?p=28920","title":{"rendered":"Missa de 7\u00ba dia de Keyla Emiliano nesta ter\u00e7a-feira"},"content":{"rendered":"<p><a href=\"http:\/\/www.portalmantena.com.br\/novo\/wp-content\/uploads\/2018\/05\/no140518missa.jpg\"><img loading=\"lazy\" class=\"alignnone size-full wp-image-28921\" src=\"http:\/\/www.portalmantena.com.br\/novo\/wp-content\/uploads\/2018\/05\/no140518missa.jpg\" alt=\"\" width=\"700\" height=\"450\" srcset=\"http:\/\/www.portalmantena.com.br\/novo\/wp-content\/uploads\/2018\/05\/no140518missa.jpg 700w, http:\/\/www.portalmantena.com.br\/novo\/wp-content\/uploads\/2018\/05\/no140518missa-300x193.jpg 300w, http:\/\/www.portalmantena.com.br\/novo\/wp-content\/uploads\/2018\/05\/no140518missa-696x447.jpg 696w, http:\/\/www.portalmantena.com.br\/novo\/wp-content\/uploads\/2018\/05\/no140518missa-653x420.jpg 653w\" sizes=\"(max-width: 700px) 100vw, 700px\" \/><\/a><\/p>\n<p><span style=\"font-size: 14pt;\">Familiares e amigos da jovem mantenense Keyla Cristina de Oliveira Emiliano, assassinada no \u00faltimo dia 03 de Maio em Mantena, informam que na noite desta ter\u00e7a-feira dia 15 de Maio, ser\u00e1 celebrada sua Missa de S\u00e9timo dia. <\/span><\/p>\n<p><span style=\"font-size: 14pt;\">A missa acontecer\u00e1 no templo da Igreja Cat\u00f3lica da Comunidade Sagrada Fam\u00edlia no bairro Bela Vista em Mantena a partir das 19 horas. <\/span><\/p>\n<p><span style=\"font-size: 14pt;\">Familiares a amigos agradecem a quem comparecer em mais este momento de relembrar com carinho a amiga t\u00e3o querida.<\/span><\/p>\n","protected":false},"excerpt":{"rendered":"<p>Familiares e amigos da jovem mantenense Keyla Cristina de Oliveira Emiliano, assassinada no \u00faltimo dia 03 de Maio em Mantena, informam que na noite desta ter\u00e7a-feira dia 15 de Maio, ser\u00e1 celebrada sua Missa de S\u00e9timo dia. A missa acontecer\u00e1 no templo da Igreja Cat\u00f3lica da Comunidade Sagrada Fam\u00edlia no bairro Bela Vista em Mantena [&hellip;]<\/p>\n","protected":false},"author":1,"featured_media":28921,"comment_status":"open","ping_status":"open","sticky":false,"template":"","format":"standard","meta":[],"categories":[36,11],"tags":[],"_links":{"self":[{"href":"http:\/\/www.portalmantena.com.br\/novo\/index.php?rest_route=\/wp\/v2\/posts\/28920"}],"collection":[{"href":"http:\/\/www.portalmantena.com.br\/novo\/index.php?rest_route=\/wp\/v2\/posts"}],"about":[{"href":"http:\/\/www.portalmantena.com.br\/novo\/index.php?rest_route=\/wp\/v2\/types\/post"}],"author":[{"embeddable":true,"href":"http:\/\/www.portalmantena.com.br\/novo\/index.php?rest_route=\/wp\/v2\/users\/1"}],"replies":[{"embeddable":true,"href":"http:\/\/www.portalmantena.com.br\/novo\/index.php?rest_route=%2Fwp%2Fv2%2Fcomments&post=28920"}],"version-history":[{"count":1,"href":"http:\/\/www.portalmantena.com.br\/novo\/index.php?rest_route=\/wp\/v2\/posts\/28920\/revisions"}],"predecessor-version":[{"id":28922,"href":"http:\/\/www.portalmantena.com.br\/novo\/index.php?rest_route=\/wp\/v2\/posts\/28920\/revisions\/28922"}],"wp:featuredmedia":[{"embeddable":true,"href":"http:\/\/www.portalmantena.com.br\/novo\/index.php?rest_route=\/wp\/v2\/media\/28921"}],"wp:attachment":[{"href":"http:\/\/www.portalmantena.com.br\/novo\/index.php?rest_route=%2Fwp%2Fv2%2Fmedia&parent=28920"}],"wp:term":[{"taxonomy":"category","embeddable":true,"href":"http:\/\/www.portalmantena.com.br\/novo\/index.php?rest_route=%2Fwp%2Fv2%2Fcategories&post=28920"},{"taxonomy":"post_tag","embeddable":true,"href":"http:\/\/www.portalmantena.com.br\/novo\/index.php?rest_route=%2Fwp%2Fv2%2Ftags&post=28920"}],"curies":[{"name":"wp","href":"https:\/\/api.w.org\/{rel}","templated":true}]}}