{"id":28912,"date":"2018-05-14T09:42:51","date_gmt":"2018-05-14T12:42:51","guid":{"rendered":"http:\/\/www.portalmantena.com.br\/novo\/?p=28912"},"modified":"2018-05-14T09:42:51","modified_gmt":"2018-05-14T12:42:51","slug":"divisa-segura-pms-na-rodovia-entre-mantena-e-bsf","status":"publish","type":"post","link":"http:\/\/www.portalmantena.com.br\/novo\/?p=28912","title":{"rendered":"Divisa segura, PMs na rodovia entre Mantena e BSF"},"content":{"rendered":"<p><a href=\"http:\/\/www.portalmantena.com.br\/novo\/wp-content\/uploads\/2018\/05\/no140518pm1.jpg\"><img loading=\"lazy\" class=\"alignnone size-full wp-image-28913\" src=\"http:\/\/www.portalmantena.com.br\/novo\/wp-content\/uploads\/2018\/05\/no140518pm1.jpg\" alt=\"\" width=\"700\" height=\"450\" srcset=\"http:\/\/www.portalmantena.com.br\/novo\/wp-content\/uploads\/2018\/05\/no140518pm1.jpg 700w, http:\/\/www.portalmantena.com.br\/novo\/wp-content\/uploads\/2018\/05\/no140518pm1-300x193.jpg 300w, http:\/\/www.portalmantena.com.br\/novo\/wp-content\/uploads\/2018\/05\/no140518pm1-696x447.jpg 696w, http:\/\/www.portalmantena.com.br\/novo\/wp-content\/uploads\/2018\/05\/no140518pm1-653x420.jpg 653w\" sizes=\"(max-width: 700px) 100vw, 700px\" \/><\/a><\/p>\n<p><span style=\"font-size: 14pt;\">Na \u00faltima sexta-feira, dia 11 de maio foi realizada a Opera\u00e7\u00e3o Tiradentes II na divisa dos Estados de Minas Gerais e Esp\u00edrito Santo, lim\u00edtrofe entre os munic\u00edpios de Mantena e Barra de S\u00e3o Francisco. <\/span><\/p>\n<p><span style=\"font-size: 14pt;\">Trata-se de uma a\u00e7\u00e3o da PMMG para aumentar a seguran\u00e7a da popula\u00e7\u00e3o do interior do Estado de Minas Gerais. <\/span><\/p>\n<p><span style=\"font-size: 14pt;\">Opera\u00e7\u00e3o que visa tamb\u00e9m a redu\u00e7\u00e3o de crimes e acidentes de tr\u00e2nsito. Na ocasi\u00e3o v\u00e1rios ve\u00edculos foram notificados por infra\u00e7\u00f5es de tr\u00e2nsito, alguns foram recolhidos, foram realizados ainda 17 Testes com ETIL\u00d4METRO, buscando um maior rigor na fiscaliza\u00e7\u00e3o de poss\u00edveis condutores dirigindo sob efeito de bebida alco\u00f3lica. (fonte\/foto:PM).<\/span><\/p>\n<p><a href=\"http:\/\/www.portalmantena.com.br\/novo\/wp-content\/uploads\/2018\/05\/no140518pm2.jpg\"><img loading=\"lazy\" class=\"alignnone size-full wp-image-28914\" src=\"http:\/\/www.portalmantena.com.br\/novo\/wp-content\/uploads\/2018\/05\/no140518pm2.jpg\" alt=\"\" width=\"700\" height=\"450\" srcset=\"http:\/\/www.portalmantena.com.br\/novo\/wp-content\/uploads\/2018\/05\/no140518pm2.jpg 700w, http:\/\/www.portalmantena.com.br\/novo\/wp-content\/uploads\/2018\/05\/no140518pm2-300x193.jpg 300w, http:\/\/www.portalmantena.com.br\/novo\/wp-content\/uploads\/2018\/05\/no140518pm2-696x447.jpg 696w, http:\/\/www.portalmantena.com.br\/novo\/wp-content\/uploads\/2018\/05\/no140518pm2-653x420.jpg 653w\" sizes=\"(max-width: 700px) 100vw, 700px\" \/><\/a> <a href=\"http:\/\/www.portalmantena.com.br\/novo\/wp-content\/uploads\/2018\/05\/no140518pm3.jpg\"><img loading=\"lazy\" class=\"alignnone size-full wp-image-28915\" src=\"http:\/\/www.portalmantena.com.br\/novo\/wp-content\/uploads\/2018\/05\/no140518pm3.jpg\" alt=\"\" width=\"700\" height=\"450\" srcset=\"http:\/\/www.portalmantena.com.br\/novo\/wp-content\/uploads\/2018\/05\/no140518pm3.jpg 700w, http:\/\/www.portalmantena.com.br\/novo\/wp-content\/uploads\/2018\/05\/no140518pm3-300x193.jpg 300w, http:\/\/www.portalmantena.com.br\/novo\/wp-content\/uploads\/2018\/05\/no140518pm3-696x447.jpg 696w, http:\/\/www.portalmantena.com.br\/novo\/wp-content\/uploads\/2018\/05\/no140518pm3-653x420.jpg 653w\" sizes=\"(max-width: 700px) 100vw, 700px\" \/><\/a><\/p>\n","protected":false},"excerpt":{"rendered":"<p>Na \u00faltima sexta-feira, dia 11 de maio foi realizada a Opera\u00e7\u00e3o Tiradentes II na divisa dos Estados de Minas Gerais e Esp\u00edrito Santo, lim\u00edtrofe entre os munic\u00edpios de Mantena e Barra de S\u00e3o Francisco. Trata-se de uma a\u00e7\u00e3o da PMMG para aumentar a seguran\u00e7a da popula\u00e7\u00e3o do interior do Estado de Minas Gerais. Opera\u00e7\u00e3o que [&hellip;]<\/p>\n","protected":false},"author":1,"featured_media":28913,"comment_status":"open","ping_status":"open","sticky":false,"template":"","format":"standard","meta":[],"categories":[11,34],"tags":[],"_links":{"self":[{"href":"http:\/\/www.portalmantena.com.br\/novo\/index.php?rest_route=\/wp\/v2\/posts\/28912"}],"collection":[{"href":"http:\/\/www.portalmantena.com.br\/novo\/index.php?rest_route=\/wp\/v2\/posts"}],"about":[{"href":"http:\/\/www.portalmantena.com.br\/novo\/index.php?rest_route=\/wp\/v2\/types\/post"}],"author":[{"embeddable":true,"href":"http:\/\/www.portalmantena.com.br\/novo\/index.php?rest_route=\/wp\/v2\/users\/1"}],"replies":[{"embeddable":true,"href":"http:\/\/www.portalmantena.com.br\/novo\/index.php?rest_route=%2Fwp%2Fv2%2Fcomments&post=28912"}],"version-history":[{"count":1,"href":"http:\/\/www.portalmantena.com.br\/novo\/index.php?rest_route=\/wp\/v2\/posts\/28912\/revisions"}],"predecessor-version":[{"id":28916,"href":"http:\/\/www.portalmantena.com.br\/novo\/index.php?rest_route=\/wp\/v2\/posts\/28912\/revisions\/28916"}],"wp:featuredmedia":[{"embeddable":true,"href":"http:\/\/www.portalmantena.com.br\/novo\/index.php?rest_route=\/wp\/v2\/media\/28913"}],"wp:attachment":[{"href":"http:\/\/www.portalmantena.com.br\/novo\/index.php?rest_route=%2Fwp%2Fv2%2Fmedia&parent=28912"}],"wp:term":[{"taxonomy":"category","embeddable":true,"href":"http:\/\/www.portalmantena.com.br\/novo\/index.php?rest_route=%2Fwp%2Fv2%2Fcategories&post=28912"},{"taxonomy":"post_tag","embeddable":true,"href":"http:\/\/www.portalmantena.com.br\/novo\/index.php?rest_route=%2Fwp%2Fv2%2Ftags&post=28912"}],"curies":[{"name":"wp","href":"https:\/\/api.w.org\/{rel}","templated":true}]}}