{"id":28818,"date":"2018-05-13T11:12:44","date_gmt":"2018-05-13T14:12:44","guid":{"rendered":"http:\/\/www.portalmantena.com.br\/novo\/?p=28818"},"modified":"2018-05-11T15:15:13","modified_gmt":"2018-05-11T18:15:13","slug":"portalcidade-rua-benedito-valadares-no-centro-em-mantena","status":"publish","type":"post","link":"http:\/\/www.portalmantena.com.br\/novo\/?p=28818","title":{"rendered":"PortalCIDADE &#8211; Rua Benedito Valadares no centro em Mantena"},"content":{"rendered":"<p><a href=\"http:\/\/www.portalmantena.com.br\/novo\/wp-content\/uploads\/2018\/04\/cidadefaixa.jpg\"><img loading=\"lazy\" class=\"alignnone size-full wp-image-26937\" src=\"http:\/\/www.portalmantena.com.br\/novo\/wp-content\/uploads\/2018\/04\/cidadefaixa.jpg\" alt=\"\" width=\"700\" height=\"70\" srcset=\"http:\/\/www.portalmantena.com.br\/novo\/wp-content\/uploads\/2018\/04\/cidadefaixa.jpg 700w, http:\/\/www.portalmantena.com.br\/novo\/wp-content\/uploads\/2018\/04\/cidadefaixa-300x30.jpg 300w, http:\/\/www.portalmantena.com.br\/novo\/wp-content\/uploads\/2018\/04\/cidadefaixa-696x70.jpg 696w\" sizes=\"(max-width: 700px) 100vw, 700px\" \/><\/a><a href=\"http:\/\/www.portalmantena.com.br\/novo\/wp-content\/uploads\/2018\/05\/cidadebeneditovaladares.jpg\"><img loading=\"lazy\" class=\"alignnone size-full wp-image-28813\" src=\"http:\/\/www.portalmantena.com.br\/novo\/wp-content\/uploads\/2018\/05\/cidadebeneditovaladares.jpg\" alt=\"\" width=\"700\" height=\"450\" srcset=\"http:\/\/www.portalmantena.com.br\/novo\/wp-content\/uploads\/2018\/05\/cidadebeneditovaladares.jpg 700w, http:\/\/www.portalmantena.com.br\/novo\/wp-content\/uploads\/2018\/05\/cidadebeneditovaladares-300x193.jpg 300w, http:\/\/www.portalmantena.com.br\/novo\/wp-content\/uploads\/2018\/05\/cidadebeneditovaladares-696x447.jpg 696w, http:\/\/www.portalmantena.com.br\/novo\/wp-content\/uploads\/2018\/05\/cidadebeneditovaladares-653x420.jpg 653w\" sizes=\"(max-width: 700px) 100vw, 700px\" \/><\/a><\/p>\n<p>&gt;&gt; A Rua Benedito Valadares \u00e9 uma das ruas central em Mantena, ligando a \u00e1rea central da cidade com o bairro Vila Nova. Uma via que tamb\u00e9m faz parte do per\u00edmetro urbano da rodovia MGC 381. Por esta via passam praticamente toda a carga pesada que atravessa o munic\u00edpio.<\/p>\n","protected":false},"excerpt":{"rendered":"<p>&gt;&gt; A Rua Benedito Valadares \u00e9 uma das ruas central em Mantena, ligando a \u00e1rea central da cidade com o bairro Vila Nova. Uma via que tamb\u00e9m faz parte do per\u00edmetro urbano da rodovia MGC 381. Por esta via passam praticamente toda a carga pesada que atravessa o munic\u00edpio.<\/p>\n","protected":false},"author":1,"featured_media":28813,"comment_status":"open","ping_status":"open","sticky":false,"template":"","format":"standard","meta":[],"categories":[68],"tags":[],"_links":{"self":[{"href":"http:\/\/www.portalmantena.com.br\/novo\/index.php?rest_route=\/wp\/v2\/posts\/28818"}],"collection":[{"href":"http:\/\/www.portalmantena.com.br\/novo\/index.php?rest_route=\/wp\/v2\/posts"}],"about":[{"href":"http:\/\/www.portalmantena.com.br\/novo\/index.php?rest_route=\/wp\/v2\/types\/post"}],"author":[{"embeddable":true,"href":"http:\/\/www.portalmantena.com.br\/novo\/index.php?rest_route=\/wp\/v2\/users\/1"}],"replies":[{"embeddable":true,"href":"http:\/\/www.portalmantena.com.br\/novo\/index.php?rest_route=%2Fwp%2Fv2%2Fcomments&post=28818"}],"version-history":[{"count":1,"href":"http:\/\/www.portalmantena.com.br\/novo\/index.php?rest_route=\/wp\/v2\/posts\/28818\/revisions"}],"predecessor-version":[{"id":28819,"href":"http:\/\/www.portalmantena.com.br\/novo\/index.php?rest_route=\/wp\/v2\/posts\/28818\/revisions\/28819"}],"wp:featuredmedia":[{"embeddable":true,"href":"http:\/\/www.portalmantena.com.br\/novo\/index.php?rest_route=\/wp\/v2\/media\/28813"}],"wp:attachment":[{"href":"http:\/\/www.portalmantena.com.br\/novo\/index.php?rest_route=%2Fwp%2Fv2%2Fmedia&parent=28818"}],"wp:term":[{"taxonomy":"category","embeddable":true,"href":"http:\/\/www.portalmantena.com.br\/novo\/index.php?rest_route=%2Fwp%2Fv2%2Fcategories&post=28818"},{"taxonomy":"post_tag","embeddable":true,"href":"http:\/\/www.portalmantena.com.br\/novo\/index.php?rest_route=%2Fwp%2Fv2%2Ftags&post=28818"}],"curies":[{"name":"wp","href":"https:\/\/api.w.org\/{rel}","templated":true}]}}