{"id":28775,"date":"2019-02-11T09:39:57","date_gmt":"2019-02-11T11:39:57","guid":{"rendered":"http:\/\/www.portalmantena.com.br\/novo\/?p=28775"},"modified":"2019-02-20T13:19:58","modified_gmt":"2019-02-20T16:19:58","slug":"cult-geracao-de-valor-indicacao-da-mantenense-cibelly-soares","status":"publish","type":"post","link":"http:\/\/www.portalmantena.com.br\/novo\/?p=28775","title":{"rendered":"CULT &#8211; &#8220;Gera\u00e7\u00e3o de Valor&#8221;, indica\u00e7\u00e3o da mantenense Cibelly Soares"},"content":{"rendered":"<p><a href=\"http:\/\/www.portalmantena.com.br\/novo\/wp-content\/uploads\/2018\/03\/cultbaner1.jpg\"><img loading=\"lazy\" class=\"alignnone size-full wp-image-25489\" src=\"http:\/\/www.portalmantena.com.br\/novo\/wp-content\/uploads\/2018\/03\/cultbaner1.jpg\" alt=\"\" width=\"750\" height=\"80\" srcset=\"http:\/\/www.portalmantena.com.br\/novo\/wp-content\/uploads\/2018\/03\/cultbaner1.jpg 750w, http:\/\/www.portalmantena.com.br\/novo\/wp-content\/uploads\/2018\/03\/cultbaner1-300x32.jpg 300w, http:\/\/www.portalmantena.com.br\/novo\/wp-content\/uploads\/2018\/03\/cultbaner1-696x74.jpg 696w, http:\/\/www.portalmantena.com.br\/novo\/wp-content\/uploads\/2018\/03\/cultbaner1-741x80.jpg 741w\" sizes=\"(max-width: 750px) 100vw, 750px\" \/><\/a><a href=\"http:\/\/www.portalmantena.com.br\/novo\/wp-content\/uploads\/2018\/05\/cultcibely2.jpg\"><img loading=\"lazy\" class=\"alignnone size-full wp-image-28776\" src=\"http:\/\/www.portalmantena.com.br\/novo\/wp-content\/uploads\/2018\/05\/cultcibely2.jpg\" alt=\"\" width=\"700\" height=\"450\" srcset=\"http:\/\/www.portalmantena.com.br\/novo\/wp-content\/uploads\/2018\/05\/cultcibely2.jpg 700w, http:\/\/www.portalmantena.com.br\/novo\/wp-content\/uploads\/2018\/05\/cultcibely2-300x193.jpg 300w, http:\/\/www.portalmantena.com.br\/novo\/wp-content\/uploads\/2018\/05\/cultcibely2-696x447.jpg 696w, http:\/\/www.portalmantena.com.br\/novo\/wp-content\/uploads\/2018\/05\/cultcibely2-653x420.jpg 653w\" sizes=\"(max-width: 700px) 100vw, 700px\" \/><\/a><\/p>\n<p><span style=\"font-size: 14pt; color: #800000;\">A indica\u00e7\u00e3o que o link CULT tr\u00e1s esta semana vem da nossa amiga a jovem empres\u00e1ria mantenense\u00a0<strong>Cibelly Soares<\/strong>, de 32 anos, da Loja Acessorise. Ela que \u00e9 uma internauta do portalmantena indica aos amigos o livro \u201cGera\u00e7\u00e3o de Valor\u201d vol.2, do escritor Fl\u00e1vio Augusto da Silva. <\/span><\/p>\n<p><span style=\"font-size: 14pt;\"><strong><span style=\"color: #800000;\">Segundo nossa amiga, o livro revela a import\u00e2ncia de trabalharmos os nossos sonhos, que precisamos pensar \u201cfora da caixa\u201d, n\u00e3o podemos limitar nossas op\u00e7\u00f5es e escolhas de vida, \u00e9 preciso sair do comodismo e ir atr\u00e1s daquilo que queremos e sonhamos. <\/span><\/strong><\/span><\/p>\n<p><span style=\"font-size: 14pt;\"><em>&#8220;N\u00e3o h\u00e1 como colher bons frutos se n\u00e3o plantamos&#8230; os sonhos s\u00e3o da mesma forma, para colher bons sonhos e preciso planta-los. Ele fala da import\u00e2ncia de n\u00e3o desistirmos, n\u00e3o podemos dar ele luxo de parar, \u00e9 preciso acreditar e seguir. <\/em><\/span><\/p>\n<p><span style=\"font-size: 14pt;\"><em>Se nos dedicarmos e n\u00e3o desistirmos o sabor da conquista compensar\u00e1 todos os risco e persist\u00eancia que tivemos. E um empreendedor de sucesso que com seu exemplo e persist\u00eancia nos motiva, n\u00f3s empreendedores a nunca desistir dos nossos sonhos. <\/em><\/span><\/p>\n<p><span style=\"font-size: 14pt;\"><em>Gosto de ler publica\u00e7\u00f5es principalmente quando se fala em empreender\u201d<\/em>, diz Cibelly.<\/span><\/p>\n<p>&nbsp;<\/p>\n<p><span style=\"font-size: 10pt;\">ESPA\u00c7O EMPRESARIAL<\/span><a href=\"https:\/\/www.facebook.com\/profile.php?id=100004934627949&amp;fref=ts\"><img loading=\"lazy\" class=\"alignnone size-full wp-image-29178\" src=\"http:\/\/www.portalmantena.com.br\/novo\/wp-content\/uploads\/2018\/05\/printcolor.jpg\" alt=\"\" width=\"700\" height=\"150\" srcset=\"http:\/\/www.portalmantena.com.br\/novo\/wp-content\/uploads\/2018\/05\/printcolor.jpg 700w, http:\/\/www.portalmantena.com.br\/novo\/wp-content\/uploads\/2018\/05\/printcolor-300x64.jpg 300w, http:\/\/www.portalmantena.com.br\/novo\/wp-content\/uploads\/2018\/05\/printcolor-696x150.jpg 696w\" sizes=\"(max-width: 700px) 100vw, 700px\" \/><\/a><\/p>\n","protected":false},"excerpt":{"rendered":"<p>A indica\u00e7\u00e3o que o link CULT tr\u00e1s esta semana vem da nossa amiga a jovem empres\u00e1ria mantenense\u00a0Cibelly Soares, de 32 anos, da Loja Acessorise. Ela que \u00e9 uma internauta do portalmantena indica aos amigos o livro \u201cGera\u00e7\u00e3o de Valor\u201d vol.2, do escritor Fl\u00e1vio Augusto da Silva. Segundo nossa amiga, o livro revela a import\u00e2ncia de [&hellip;]<\/p>\n","protected":false},"author":1,"featured_media":28776,"comment_status":"open","ping_status":"open","sticky":false,"template":"","format":"standard","meta":[],"categories":[66],"tags":[],"_links":{"self":[{"href":"http:\/\/www.portalmantena.com.br\/novo\/index.php?rest_route=\/wp\/v2\/posts\/28775"}],"collection":[{"href":"http:\/\/www.portalmantena.com.br\/novo\/index.php?rest_route=\/wp\/v2\/posts"}],"about":[{"href":"http:\/\/www.portalmantena.com.br\/novo\/index.php?rest_route=\/wp\/v2\/types\/post"}],"author":[{"embeddable":true,"href":"http:\/\/www.portalmantena.com.br\/novo\/index.php?rest_route=\/wp\/v2\/users\/1"}],"replies":[{"embeddable":true,"href":"http:\/\/www.portalmantena.com.br\/novo\/index.php?rest_route=%2Fwp%2Fv2%2Fcomments&post=28775"}],"version-history":[{"count":2,"href":"http:\/\/www.portalmantena.com.br\/novo\/index.php?rest_route=\/wp\/v2\/posts\/28775\/revisions"}],"predecessor-version":[{"id":29187,"href":"http:\/\/www.portalmantena.com.br\/novo\/index.php?rest_route=\/wp\/v2\/posts\/28775\/revisions\/29187"}],"wp:featuredmedia":[{"embeddable":true,"href":"http:\/\/www.portalmantena.com.br\/novo\/index.php?rest_route=\/wp\/v2\/media\/28776"}],"wp:attachment":[{"href":"http:\/\/www.portalmantena.com.br\/novo\/index.php?rest_route=%2Fwp%2Fv2%2Fmedia&parent=28775"}],"wp:term":[{"taxonomy":"category","embeddable":true,"href":"http:\/\/www.portalmantena.com.br\/novo\/index.php?rest_route=%2Fwp%2Fv2%2Fcategories&post=28775"},{"taxonomy":"post_tag","embeddable":true,"href":"http:\/\/www.portalmantena.com.br\/novo\/index.php?rest_route=%2Fwp%2Fv2%2Ftags&post=28775"}],"curies":[{"name":"wp","href":"https:\/\/api.w.org\/{rel}","templated":true}]}}