{"id":2866,"date":"2017-03-15T11:30:17","date_gmt":"2017-03-15T14:30:17","guid":{"rendered":"http:\/\/www.portalmantena.com.br\/novo\/?p=2866"},"modified":"2017-03-15T11:17:38","modified_gmt":"2017-03-15T14:17:38","slug":"manifestacao-contra-a-reforma-da-previdencia-aconteceu-em-mantena","status":"publish","type":"post","link":"http:\/\/www.portalmantena.com.br\/novo\/?p=2866","title":{"rendered":"Manifesta\u00e7\u00e3o contra a Reforma da Previd\u00eancia aconteceu em Mantena"},"content":{"rendered":"<p><a href=\"http:\/\/www.portalmantena.com.br\/novo\/wp-content\/uploads\/2017\/03\/no150317protesto1.jpg\"><img loading=\"lazy\" class=\"alignnone size-full wp-image-2867\" src=\"http:\/\/www.portalmantena.com.br\/novo\/wp-content\/uploads\/2017\/03\/no150317protesto1.jpg\" alt=\"\" width=\"700\" height=\"450\" srcset=\"http:\/\/www.portalmantena.com.br\/novo\/wp-content\/uploads\/2017\/03\/no150317protesto1.jpg 700w, http:\/\/www.portalmantena.com.br\/novo\/wp-content\/uploads\/2017\/03\/no150317protesto1-300x193.jpg 300w, http:\/\/www.portalmantena.com.br\/novo\/wp-content\/uploads\/2017\/03\/no150317protesto1-696x447.jpg 696w, http:\/\/www.portalmantena.com.br\/novo\/wp-content\/uploads\/2017\/03\/no150317protesto1-653x420.jpg 653w\" sizes=\"(max-width: 700px) 100vw, 700px\" \/><\/a><\/p>\n<p><span style=\"font-size: 14pt;\">Esta quarta-feira, dia 15 de mar\u00e7o est\u00e1 sendo marcada em praticamente todo o pa\u00eds por paralisa\u00e7\u00f5es e protestos contra a reforma da Previd\u00eancia Social e trabalhista. \u00a0Em Mantena, n\u00e3o houve aulas na manh\u00e3 desta quarta, e n\u00e3o haver\u00e1 no per\u00edodo da tarde nas Escolas Estaduais. <\/span><\/p>\n<p><span style=\"font-size: 14pt;\">Com os port\u00f5es fechados, n\u00e3o houve aulas nas escolas Estaduais Dona Raimunda Duque e Zilda Pinheiro, e ainda CESEC. Uma manifesta\u00e7\u00e3o foi registrada pelas ruas de Mantena logo bem cedo, com professores e profissionais da educa\u00e7\u00e3o vestidos em sua maioria de preto e segurando cartazes e faixas protestando contra a reforma da Previd\u00eancia Social e a trabalhista que est\u00e1 \u00e0s portas para ser votada e aprovada pelo legislativo federal. Cartazes com inscri\u00e7\u00f5es \u201cAquele que n\u00e3o luta pelo futuro que quer, tem que aceitar o futuro que vier\u201d e ainda \u201cTodos est\u00e3o convocados a lutar por uma aposentadoria digna\u201d, foram alguns dos dizeres apresentados \u00e0 comunidade. <\/span><\/p>\n<p><span style=\"font-size: 14pt;\">Outro cartaz j\u00e1 foi mais direto, contra a PEC proposta pelo governo, \u201cVamos lutar pelo direito \u00e0 aposentadoria! Diga n\u00e3o \u00e0 PEC 287\/2016\u201d. Com apitos na boca e um carro de som onde o locutor falava o objetivo da manifesta\u00e7\u00e3o, os professores caminharam pelo centro da cidade e se concentraram na pra\u00e7a Fernandes Filho, sendo visualizados pela comunidade nesta luta que est\u00e1 apenas come\u00e7ando. <\/span><\/p>\n<p><span style=\"font-size: 14pt;\">Segundo informa\u00e7\u00f5es as aulas nas escolas estaduais em Mantena ser\u00e3o retomadas nesta quinta-feira (16), no entanto o protesto foi realizado mostrando a indigna\u00e7\u00e3o de todos com o texto e as condi\u00e7\u00f5es que est\u00e3o previstas nesta reforma da previd\u00eancia. (fotos:BrunoValadares).<\/span><\/p>\n<p><a href=\"http:\/\/www.portalmantena.com.br\/novo\/wp-content\/uploads\/2017\/03\/no150317protesto2.jpg\"><img loading=\"lazy\" class=\"alignnone size-full wp-image-2868\" src=\"http:\/\/www.portalmantena.com.br\/novo\/wp-content\/uploads\/2017\/03\/no150317protesto2.jpg\" alt=\"\" width=\"700\" height=\"450\" srcset=\"http:\/\/www.portalmantena.com.br\/novo\/wp-content\/uploads\/2017\/03\/no150317protesto2.jpg 700w, http:\/\/www.portalmantena.com.br\/novo\/wp-content\/uploads\/2017\/03\/no150317protesto2-300x193.jpg 300w, http:\/\/www.portalmantena.com.br\/novo\/wp-content\/uploads\/2017\/03\/no150317protesto2-696x447.jpg 696w, http:\/\/www.portalmantena.com.br\/novo\/wp-content\/uploads\/2017\/03\/no150317protesto2-653x420.jpg 653w\" sizes=\"(max-width: 700px) 100vw, 700px\" \/><\/a> <a href=\"http:\/\/www.portalmantena.com.br\/novo\/wp-content\/uploads\/2017\/03\/no150317protesto3.jpg\"><img loading=\"lazy\" class=\"alignnone size-full wp-image-2869\" src=\"http:\/\/www.portalmantena.com.br\/novo\/wp-content\/uploads\/2017\/03\/no150317protesto3.jpg\" alt=\"\" width=\"700\" height=\"450\" srcset=\"http:\/\/www.portalmantena.com.br\/novo\/wp-content\/uploads\/2017\/03\/no150317protesto3.jpg 700w, http:\/\/www.portalmantena.com.br\/novo\/wp-content\/uploads\/2017\/03\/no150317protesto3-300x193.jpg 300w, http:\/\/www.portalmantena.com.br\/novo\/wp-content\/uploads\/2017\/03\/no150317protesto3-696x447.jpg 696w, http:\/\/www.portalmantena.com.br\/novo\/wp-content\/uploads\/2017\/03\/no150317protesto3-653x420.jpg 653w\" sizes=\"(max-width: 700px) 100vw, 700px\" \/><\/a> <a href=\"http:\/\/www.portalmantena.com.br\/novo\/wp-content\/uploads\/2017\/03\/no150317protesto4.jpg\"><img loading=\"lazy\" class=\"alignnone size-full wp-image-2870\" src=\"http:\/\/www.portalmantena.com.br\/novo\/wp-content\/uploads\/2017\/03\/no150317protesto4.jpg\" alt=\"\" width=\"700\" height=\"450\" srcset=\"http:\/\/www.portalmantena.com.br\/novo\/wp-content\/uploads\/2017\/03\/no150317protesto4.jpg 700w, http:\/\/www.portalmantena.com.br\/novo\/wp-content\/uploads\/2017\/03\/no150317protesto4-300x193.jpg 300w, http:\/\/www.portalmantena.com.br\/novo\/wp-content\/uploads\/2017\/03\/no150317protesto4-696x447.jpg 696w, http:\/\/www.portalmantena.com.br\/novo\/wp-content\/uploads\/2017\/03\/no150317protesto4-653x420.jpg 653w\" sizes=\"(max-width: 700px) 100vw, 700px\" \/><\/a> <a href=\"http:\/\/www.portalmantena.com.br\/novo\/wp-content\/uploads\/2017\/03\/no150317protesto5.jpg\"><img loading=\"lazy\" class=\"alignnone size-full wp-image-2871\" src=\"http:\/\/www.portalmantena.com.br\/novo\/wp-content\/uploads\/2017\/03\/no150317protesto5.jpg\" alt=\"\" width=\"700\" height=\"450\" srcset=\"http:\/\/www.portalmantena.com.br\/novo\/wp-content\/uploads\/2017\/03\/no150317protesto5.jpg 700w, http:\/\/www.portalmantena.com.br\/novo\/wp-content\/uploads\/2017\/03\/no150317protesto5-300x193.jpg 300w, http:\/\/www.portalmantena.com.br\/novo\/wp-content\/uploads\/2017\/03\/no150317protesto5-696x447.jpg 696w, http:\/\/www.portalmantena.com.br\/novo\/wp-content\/uploads\/2017\/03\/no150317protesto5-653x420.jpg 653w\" sizes=\"(max-width: 700px) 100vw, 700px\" \/><\/a><\/p>\n","protected":false},"excerpt":{"rendered":"<p>Esta quarta-feira, dia 15 de mar\u00e7o est\u00e1 sendo marcada em praticamente todo o pa\u00eds por paralisa\u00e7\u00f5es e protestos contra a reforma da Previd\u00eancia Social e trabalhista. \u00a0Em Mantena, n\u00e3o houve aulas na manh\u00e3 desta quarta, e n\u00e3o haver\u00e1 no per\u00edodo da tarde nas Escolas Estaduais. Com os port\u00f5es fechados, n\u00e3o houve aulas nas escolas Estaduais [&hellip;]<\/p>\n","protected":false},"author":1,"featured_media":2869,"comment_status":"open","ping_status":"open","sticky":false,"template":"","format":"standard","meta":[],"categories":[36,12,11],"tags":[],"_links":{"self":[{"href":"http:\/\/www.portalmantena.com.br\/novo\/index.php?rest_route=\/wp\/v2\/posts\/2866"}],"collection":[{"href":"http:\/\/www.portalmantena.com.br\/novo\/index.php?rest_route=\/wp\/v2\/posts"}],"about":[{"href":"http:\/\/www.portalmantena.com.br\/novo\/index.php?rest_route=\/wp\/v2\/types\/post"}],"author":[{"embeddable":true,"href":"http:\/\/www.portalmantena.com.br\/novo\/index.php?rest_route=\/wp\/v2\/users\/1"}],"replies":[{"embeddable":true,"href":"http:\/\/www.portalmantena.com.br\/novo\/index.php?rest_route=%2Fwp%2Fv2%2Fcomments&post=2866"}],"version-history":[{"count":1,"href":"http:\/\/www.portalmantena.com.br\/novo\/index.php?rest_route=\/wp\/v2\/posts\/2866\/revisions"}],"predecessor-version":[{"id":2872,"href":"http:\/\/www.portalmantena.com.br\/novo\/index.php?rest_route=\/wp\/v2\/posts\/2866\/revisions\/2872"}],"wp:featuredmedia":[{"embeddable":true,"href":"http:\/\/www.portalmantena.com.br\/novo\/index.php?rest_route=\/wp\/v2\/media\/2869"}],"wp:attachment":[{"href":"http:\/\/www.portalmantena.com.br\/novo\/index.php?rest_route=%2Fwp%2Fv2%2Fmedia&parent=2866"}],"wp:term":[{"taxonomy":"category","embeddable":true,"href":"http:\/\/www.portalmantena.com.br\/novo\/index.php?rest_route=%2Fwp%2Fv2%2Fcategories&post=2866"},{"taxonomy":"post_tag","embeddable":true,"href":"http:\/\/www.portalmantena.com.br\/novo\/index.php?rest_route=%2Fwp%2Fv2%2Ftags&post=2866"}],"curies":[{"name":"wp","href":"https:\/\/api.w.org\/{rel}","templated":true}]}}