{"id":28643,"date":"2018-05-09T11:08:15","date_gmt":"2018-05-09T14:08:15","guid":{"rendered":"http:\/\/www.portalmantena.com.br\/novo\/?p=28643"},"modified":"2018-05-09T11:15:16","modified_gmt":"2018-05-09T14:15:16","slug":"09mai-lancamento-da-campanha-maio-amarelo-em-mantena","status":"publish","type":"post","link":"http:\/\/www.portalmantena.com.br\/novo\/?p=28643","title":{"rendered":"09MAI &#8211; Campanha lan\u00e7ada em Mantena re\u00fane comunidade"},"content":{"rendered":"<p><strong><a href=\"http:\/\/www.portalmantena.com.br\/novo\/wp-content\/uploads\/2017\/06\/diabaner-1.jpg\"><img loading=\"lazy\" class=\"alignnone size-full wp-image-8000\" src=\"http:\/\/www.portalmantena.com.br\/novo\/wp-content\/uploads\/2017\/06\/diabaner-1.jpg\" alt=\"\" width=\"650\" height=\"100\" srcset=\"http:\/\/www.portalmantena.com.br\/novo\/wp-content\/uploads\/2017\/06\/diabaner-1.jpg 650w, http:\/\/www.portalmantena.com.br\/novo\/wp-content\/uploads\/2017\/06\/diabaner-1-300x46.jpg 300w\" sizes=\"(max-width: 650px) 100vw, 650px\" \/><\/a><\/strong><a href=\"http:\/\/www.portalmantena.com.br\/novo\/wp-content\/uploads\/2018\/05\/dia090518a.jpg\"><img loading=\"lazy\" class=\"alignnone size-full wp-image-28644\" src=\"http:\/\/www.portalmantena.com.br\/novo\/wp-content\/uploads\/2018\/05\/dia090518a.jpg\" alt=\"\" width=\"700\" height=\"450\" srcset=\"http:\/\/www.portalmantena.com.br\/novo\/wp-content\/uploads\/2018\/05\/dia090518a.jpg 700w, http:\/\/www.portalmantena.com.br\/novo\/wp-content\/uploads\/2018\/05\/dia090518a-300x193.jpg 300w, http:\/\/www.portalmantena.com.br\/novo\/wp-content\/uploads\/2018\/05\/dia090518a-696x447.jpg 696w, http:\/\/www.portalmantena.com.br\/novo\/wp-content\/uploads\/2018\/05\/dia090518a-653x420.jpg 653w\" sizes=\"(max-width: 700px) 100vw, 700px\" \/><\/a><\/p>\n<p><strong>09 de Maio<\/strong>\u00a0&#8211; Solenidade realizada na pra\u00e7a Fernandes Filho no centro em Mantena na manh\u00e3 desta quarta-feira marcou o lan\u00e7amento da Campanha Maio Amarelo &#8220;Aten\u00e7\u00e3o pela Vida&#8221;, no tr\u00e2nsito.<\/p>\n<p>Uma campanha mundial que a comunidade mantenense abra\u00e7a, envolvendo institui\u00e7\u00f5es, organiza\u00e7\u00f5es, governos, poder p\u00fablico e sociedade civil em torno do assunto, preservar a vida e mais aten\u00e7\u00e3o no tr\u00e2nsito.<\/p>\n","protected":false},"excerpt":{"rendered":"<p>09 de Maio\u00a0&#8211; Solenidade realizada na pra\u00e7a Fernandes Filho no centro em Mantena na manh\u00e3 desta quarta-feira marcou o lan\u00e7amento da Campanha Maio Amarelo &#8220;Aten\u00e7\u00e3o pela Vida&#8221;, no tr\u00e2nsito. Uma campanha mundial que a comunidade mantenense abra\u00e7a, envolvendo institui\u00e7\u00f5es, organiza\u00e7\u00f5es, governos, poder p\u00fablico e sociedade civil em torno do assunto, preservar a vida e mais [&hellip;]<\/p>\n","protected":false},"author":1,"featured_media":28644,"comment_status":"open","ping_status":"open","sticky":false,"template":"","format":"standard","meta":[],"categories":[50],"tags":[],"_links":{"self":[{"href":"http:\/\/www.portalmantena.com.br\/novo\/index.php?rest_route=\/wp\/v2\/posts\/28643"}],"collection":[{"href":"http:\/\/www.portalmantena.com.br\/novo\/index.php?rest_route=\/wp\/v2\/posts"}],"about":[{"href":"http:\/\/www.portalmantena.com.br\/novo\/index.php?rest_route=\/wp\/v2\/types\/post"}],"author":[{"embeddable":true,"href":"http:\/\/www.portalmantena.com.br\/novo\/index.php?rest_route=\/wp\/v2\/users\/1"}],"replies":[{"embeddable":true,"href":"http:\/\/www.portalmantena.com.br\/novo\/index.php?rest_route=%2Fwp%2Fv2%2Fcomments&post=28643"}],"version-history":[{"count":2,"href":"http:\/\/www.portalmantena.com.br\/novo\/index.php?rest_route=\/wp\/v2\/posts\/28643\/revisions"}],"predecessor-version":[{"id":28652,"href":"http:\/\/www.portalmantena.com.br\/novo\/index.php?rest_route=\/wp\/v2\/posts\/28643\/revisions\/28652"}],"wp:featuredmedia":[{"embeddable":true,"href":"http:\/\/www.portalmantena.com.br\/novo\/index.php?rest_route=\/wp\/v2\/media\/28644"}],"wp:attachment":[{"href":"http:\/\/www.portalmantena.com.br\/novo\/index.php?rest_route=%2Fwp%2Fv2%2Fmedia&parent=28643"}],"wp:term":[{"taxonomy":"category","embeddable":true,"href":"http:\/\/www.portalmantena.com.br\/novo\/index.php?rest_route=%2Fwp%2Fv2%2Fcategories&post=28643"},{"taxonomy":"post_tag","embeddable":true,"href":"http:\/\/www.portalmantena.com.br\/novo\/index.php?rest_route=%2Fwp%2Fv2%2Ftags&post=28643"}],"curies":[{"name":"wp","href":"https:\/\/api.w.org\/{rel}","templated":true}]}}