{"id":28638,"date":"2018-05-09T08:08:31","date_gmt":"2018-05-09T11:08:31","guid":{"rendered":"http:\/\/www.portalmantena.com.br\/novo\/?p=28638"},"modified":"2018-05-09T08:08:31","modified_gmt":"2018-05-09T11:08:31","slug":"termina-hoje-o-prazo-para-regularizacao-eleitoral","status":"publish","type":"post","link":"http:\/\/www.portalmantena.com.br\/novo\/?p=28638","title":{"rendered":"Termina HOJE o prazo para regulariza\u00e7\u00e3o eleitoral"},"content":{"rendered":"<p><a href=\"http:\/\/www.portalmantena.com.br\/novo\/wp-content\/uploads\/2018\/05\/no090518eleitoral.jpg\"><img loading=\"lazy\" class=\"alignnone size-full wp-image-28640\" src=\"http:\/\/www.portalmantena.com.br\/novo\/wp-content\/uploads\/2018\/05\/no090518eleitoral.jpg\" alt=\"\" width=\"700\" height=\"450\" srcset=\"http:\/\/www.portalmantena.com.br\/novo\/wp-content\/uploads\/2018\/05\/no090518eleitoral.jpg 700w, http:\/\/www.portalmantena.com.br\/novo\/wp-content\/uploads\/2018\/05\/no090518eleitoral-300x193.jpg 300w, http:\/\/www.portalmantena.com.br\/novo\/wp-content\/uploads\/2018\/05\/no090518eleitoral-696x447.jpg 696w, http:\/\/www.portalmantena.com.br\/novo\/wp-content\/uploads\/2018\/05\/no090518eleitoral-653x420.jpg 653w\" sizes=\"(max-width: 700px) 100vw, 700px\" \/><\/a><\/p>\n<p><span style=\"font-size: 14pt;\">Os eleitores podem transferir, atualizar ou emitir o t\u00edtulo eleitoral at\u00e9 esta quarta-feira (9) para participar das elei\u00e7\u00f5es de 2018. O 1\u00ba turno ocorre daqui a cinco meses, no dia 7 de outubro. <\/span><\/p>\n<p><span style=\"font-size: 14pt;\">Se nenhum dos candidatos a presidente ou governador tiver mais da metade dos votos v\u00e1lidos, o 2\u00ba turno deve ocorrer em 28 de outubro. Os eleitores votam neste ano para presidente, governador, senador, deputado federal e deputado estadual ou distrital. <\/span><\/p>\n<p><span style=\"font-size: 14pt;\">O voto \u00e9 obrigat\u00f3rio no Brasil. Apenas eleitores que t\u00eam menos de 18 anos ou mais de 70 anos n\u00e3o precisam votar. O voto tamb\u00e9m \u00e9 facultativo para analfabetos. <\/span><\/p>\n<p><span style=\"font-size: 14pt;\">O eleitor que completa 18 anos at\u00e9 7 de outubro, dia do 1\u00ba turno, tamb\u00e9m precisa\u00a0<a style=\"font-style: inherit;\" href=\"http:\/\/www.tse.jus.br\/eleitor-e-eleicoes\/eleitor-1\/copy_of_servicos\/titulo-de-eleitor\"><strong>emitir o t\u00edtulo eleitoral at\u00e9 9 de maio<\/strong><\/a>. Esse tamb\u00e9m \u00e9 o prazo para quem mudou de endere\u00e7o e deseja transferir o t\u00edtulo eleitoral. <\/span><\/p>\n<p><span style=\"font-size: 14pt;\">O procedimento exige a apresenta\u00e7\u00e3o do comprovante de resid\u00eancia e de um documento oficial com foto em uma unidade do cart\u00f3rio eleitoral. <\/span><\/p>\n<p><span style=\"font-size: 14pt;\">Para transferir o t\u00edtulo, o eleitor deve residir a pelo menos tr\u00eas meses no novo munic\u00edpio. Ainda \u00e9 necess\u00e1rio, no m\u00ednimo, um ano da data do alistamento eleitoral ou da \u00faltima transfer\u00eancia do t\u00edtulo.\u00a0<a style=\"font-style: inherit;\" href=\"http:\/\/www.tse.jus.br\/o-tse\/tribunais-regionais\"><strong>Consulte o site do Tribunal Regional Eleitoral do seu estado<\/strong><\/a>.<\/span><\/p>\n","protected":false},"excerpt":{"rendered":"<p>Os eleitores podem transferir, atualizar ou emitir o t\u00edtulo eleitoral at\u00e9 esta quarta-feira (9) para participar das elei\u00e7\u00f5es de 2018. O 1\u00ba turno ocorre daqui a cinco meses, no dia 7 de outubro. Se nenhum dos candidatos a presidente ou governador tiver mais da metade dos votos v\u00e1lidos, o 2\u00ba turno deve ocorrer em 28 [&hellip;]<\/p>\n","protected":false},"author":1,"featured_media":28640,"comment_status":"open","ping_status":"open","sticky":false,"template":"","format":"standard","meta":[],"categories":[36,11],"tags":[],"_links":{"self":[{"href":"http:\/\/www.portalmantena.com.br\/novo\/index.php?rest_route=\/wp\/v2\/posts\/28638"}],"collection":[{"href":"http:\/\/www.portalmantena.com.br\/novo\/index.php?rest_route=\/wp\/v2\/posts"}],"about":[{"href":"http:\/\/www.portalmantena.com.br\/novo\/index.php?rest_route=\/wp\/v2\/types\/post"}],"author":[{"embeddable":true,"href":"http:\/\/www.portalmantena.com.br\/novo\/index.php?rest_route=\/wp\/v2\/users\/1"}],"replies":[{"embeddable":true,"href":"http:\/\/www.portalmantena.com.br\/novo\/index.php?rest_route=%2Fwp%2Fv2%2Fcomments&post=28638"}],"version-history":[{"count":1,"href":"http:\/\/www.portalmantena.com.br\/novo\/index.php?rest_route=\/wp\/v2\/posts\/28638\/revisions"}],"predecessor-version":[{"id":28641,"href":"http:\/\/www.portalmantena.com.br\/novo\/index.php?rest_route=\/wp\/v2\/posts\/28638\/revisions\/28641"}],"wp:featuredmedia":[{"embeddable":true,"href":"http:\/\/www.portalmantena.com.br\/novo\/index.php?rest_route=\/wp\/v2\/media\/28640"}],"wp:attachment":[{"href":"http:\/\/www.portalmantena.com.br\/novo\/index.php?rest_route=%2Fwp%2Fv2%2Fmedia&parent=28638"}],"wp:term":[{"taxonomy":"category","embeddable":true,"href":"http:\/\/www.portalmantena.com.br\/novo\/index.php?rest_route=%2Fwp%2Fv2%2Fcategories&post=28638"},{"taxonomy":"post_tag","embeddable":true,"href":"http:\/\/www.portalmantena.com.br\/novo\/index.php?rest_route=%2Fwp%2Fv2%2Ftags&post=28638"}],"curies":[{"name":"wp","href":"https:\/\/api.w.org\/{rel}","templated":true}]}}