{"id":28611,"date":"2018-05-08T03:43:41","date_gmt":"2018-05-08T06:43:41","guid":{"rendered":"http:\/\/www.portalmantena.com.br\/novo\/?p=28611"},"modified":"2018-05-09T13:15:15","modified_gmt":"2018-05-09T16:15:15","slug":"campanha-maio-amarelo-sera-lancada-nesta-quarta-em-mantena","status":"publish","type":"post","link":"http:\/\/www.portalmantena.com.br\/novo\/?p=28611","title":{"rendered":"Campanha Maio Amarelo, ser\u00e1 lan\u00e7ada nesta quarta em Mantena"},"content":{"rendered":"<p><a href=\"http:\/\/www.portalmantena.com.br\/novo\/wp-content\/uploads\/2018\/05\/no080518transito.jpg\"><img loading=\"lazy\" class=\"alignnone size-full wp-image-28612\" src=\"http:\/\/www.portalmantena.com.br\/novo\/wp-content\/uploads\/2018\/05\/no080518transito.jpg\" alt=\"\" width=\"700\" height=\"450\" srcset=\"http:\/\/www.portalmantena.com.br\/novo\/wp-content\/uploads\/2018\/05\/no080518transito.jpg 700w, http:\/\/www.portalmantena.com.br\/novo\/wp-content\/uploads\/2018\/05\/no080518transito-300x193.jpg 300w, http:\/\/www.portalmantena.com.br\/novo\/wp-content\/uploads\/2018\/05\/no080518transito-696x447.jpg 696w, http:\/\/www.portalmantena.com.br\/novo\/wp-content\/uploads\/2018\/05\/no080518transito-653x420.jpg 653w\" sizes=\"(max-width: 700px) 100vw, 700px\" \/><\/a><\/p>\n<p><span style=\"font-size: 14pt;\">Na manh\u00e3 desta quarta-feira dia 09 de Maio, ser\u00e1 lan\u00e7ado em Mantena a campanha de tr\u00e2nsito como tema \u201cMaio Amarelo \u2013 Aten\u00e7\u00e3o pela Vida\u201d. <\/span><\/p>\n<p><span style=\"font-size: 14pt;\">O movimento nasce com a proposta de chamar a aten\u00e7\u00e3o da sociedade para o alto \u00edndice de mortes e feridos no tr\u00e2nsito em todo o mundo. <\/span><\/p>\n<p><span style=\"font-size: 14pt;\">Em Mantena a campanha ter\u00e1 in\u00edcio com uma mobiliza\u00e7\u00e3o na Pra\u00e7a Fernandes Filho, no centro da cidade a partir das 8h301 desta quarta-feira. <\/span><\/p>\n<p><span style=\"font-size: 14pt;\">Institui\u00e7\u00f5es e organiza\u00e7\u00f5es est\u00e3o presentes neste evento, se poss\u00edvel com o apoio da comunidade, todos vestidos com alguma pe\u00e7a de roupa na cor Amarela. <\/span><\/p>\n<p><span style=\"font-size: 14pt;\">O objetivo do movimento \u00e9 uma a\u00e7\u00e3o coordenada entre o Poder P\u00fablico e a sociedade civil. <\/span><\/p>\n<p><span style=\"font-size: 14pt;\">A inten\u00e7\u00e3o \u00e9 colocar em pauta o tema seguran\u00e7a vi\u00e1ria e mobilizar toda a sociedade, envolvendo os mais diversos segmentos. Em Mantena temos visto a cada dia as trag\u00e9dias no tr\u00e2nsito, este ano de 2018 temos registros de v\u00e1rias mortes tanto na cidade como na rodovia que corta a regi\u00e3o, e esta mobiliza\u00e7\u00e3o se faz necess\u00e1ria, participe.<\/span><\/p>\n","protected":false},"excerpt":{"rendered":"<p>Na manh\u00e3 desta quarta-feira dia 09 de Maio, ser\u00e1 lan\u00e7ado em Mantena a campanha de tr\u00e2nsito como tema \u201cMaio Amarelo \u2013 Aten\u00e7\u00e3o pela Vida\u201d. O movimento nasce com a proposta de chamar a aten\u00e7\u00e3o da sociedade para o alto \u00edndice de mortes e feridos no tr\u00e2nsito em todo o mundo. Em Mantena a campanha ter\u00e1 [&hellip;]<\/p>\n","protected":false},"author":1,"featured_media":28612,"comment_status":"open","ping_status":"open","sticky":false,"template":"","format":"standard","meta":[],"categories":[36,11],"tags":[],"_links":{"self":[{"href":"http:\/\/www.portalmantena.com.br\/novo\/index.php?rest_route=\/wp\/v2\/posts\/28611"}],"collection":[{"href":"http:\/\/www.portalmantena.com.br\/novo\/index.php?rest_route=\/wp\/v2\/posts"}],"about":[{"href":"http:\/\/www.portalmantena.com.br\/novo\/index.php?rest_route=\/wp\/v2\/types\/post"}],"author":[{"embeddable":true,"href":"http:\/\/www.portalmantena.com.br\/novo\/index.php?rest_route=\/wp\/v2\/users\/1"}],"replies":[{"embeddable":true,"href":"http:\/\/www.portalmantena.com.br\/novo\/index.php?rest_route=%2Fwp%2Fv2%2Fcomments&post=28611"}],"version-history":[{"count":1,"href":"http:\/\/www.portalmantena.com.br\/novo\/index.php?rest_route=\/wp\/v2\/posts\/28611\/revisions"}],"predecessor-version":[{"id":28613,"href":"http:\/\/www.portalmantena.com.br\/novo\/index.php?rest_route=\/wp\/v2\/posts\/28611\/revisions\/28613"}],"wp:featuredmedia":[{"embeddable":true,"href":"http:\/\/www.portalmantena.com.br\/novo\/index.php?rest_route=\/wp\/v2\/media\/28612"}],"wp:attachment":[{"href":"http:\/\/www.portalmantena.com.br\/novo\/index.php?rest_route=%2Fwp%2Fv2%2Fmedia&parent=28611"}],"wp:term":[{"taxonomy":"category","embeddable":true,"href":"http:\/\/www.portalmantena.com.br\/novo\/index.php?rest_route=%2Fwp%2Fv2%2Fcategories&post=28611"},{"taxonomy":"post_tag","embeddable":true,"href":"http:\/\/www.portalmantena.com.br\/novo\/index.php?rest_route=%2Fwp%2Fv2%2Ftags&post=28611"}],"curies":[{"name":"wp","href":"https:\/\/api.w.org\/{rel}","templated":true}]}}