{"id":28604,"date":"2018-05-08T13:21:25","date_gmt":"2018-05-08T16:21:25","guid":{"rendered":"http:\/\/www.portalmantena.com.br\/novo\/?p=28604"},"modified":"2018-05-08T13:21:25","modified_gmt":"2018-05-08T16:21:25","slug":"suspeito-de-matar-ex-companheira-e-preso-em-mantena","status":"publish","type":"post","link":"http:\/\/www.portalmantena.com.br\/novo\/?p=28604","title":{"rendered":"Suspeito de matar ex-companheira \u00e9 preso em Mantena"},"content":{"rendered":"<p><a href=\"http:\/\/www.portalmantena.com.br\/novo\/wp-content\/uploads\/2018\/05\/no080518prisao.jpg\"><img loading=\"lazy\" class=\"alignnone size-full wp-image-28605\" src=\"http:\/\/www.portalmantena.com.br\/novo\/wp-content\/uploads\/2018\/05\/no080518prisao.jpg\" alt=\"\" width=\"700\" height=\"450\" srcset=\"http:\/\/www.portalmantena.com.br\/novo\/wp-content\/uploads\/2018\/05\/no080518prisao.jpg 700w, http:\/\/www.portalmantena.com.br\/novo\/wp-content\/uploads\/2018\/05\/no080518prisao-300x193.jpg 300w, http:\/\/www.portalmantena.com.br\/novo\/wp-content\/uploads\/2018\/05\/no080518prisao-696x447.jpg 696w, http:\/\/www.portalmantena.com.br\/novo\/wp-content\/uploads\/2018\/05\/no080518prisao-653x420.jpg 653w\" sizes=\"(max-width: 700px) 100vw, 700px\" \/><\/a><\/p>\n<p><span style=\"font-size: 14pt;\">Foi preso na manh\u00e3 desta ter\u00e7a-feira, dia 08 de Maio em Mantena, Jos\u00e9 Nilson G.F., de 39 anos, mais conhecido como &#8220;Nilsinho&#8221;, suspeito de ter matado a jovem Keyla Cristina de Oliveira Emiliano, de 34 anos, na \u00faltima quinta-feira (3 de Maio), em Mantena. <\/span><\/p>\n<p><span style=\"font-size: 14pt;\">O investigado se apresentou espontaneamente na Delegacia de Pol\u00edcia Civil em Mantena, acompanhado de seu advogado, ocasi\u00e3o em que tomou ci\u00eancia da exist\u00eancia de um mandado de pris\u00e3o preventiva, j\u00e1 expedido em desfavor dele. <\/span><\/p>\n<p><span style=\"font-size: 14pt;\">O crime ocorreu por volta das 22h30\u2019 da \u00faltima quinta-feira dia 3 de Maio de 2018, no bairro Santos Prates I, nas imedia\u00e7\u00f5es de uma pizzaria. <\/span><\/p>\n<p><span style=\"font-size: 14pt;\">Keyla havia acabado de deixar o estabelecimento, onde comemorava o anivers\u00e1rio de sua m\u00e3e, e no momento em que entrava em seu ve\u00edculo teria sido surpreendida pelo suspeito, com quem teve um relacionamento conjugal por aproximadamente 11 anos. <\/span><\/p>\n<p><span style=\"font-size: 14pt;\">O suspeito sacou um rev\u00f3lver e desferiu pelo menos quatro disparos contra ela. <\/span><\/p>\n<p><span style=\"font-size: 14pt;\">Ap\u00f3s a pr\u00e1tica do crime \u201cNilsinho\u201d evadiu-se a bordo de uma motocicleta n\u00e3o sendo localizado no dia do fato. A v\u00edtima chegou a ser socorrida com vida, mas faleceu logo ap\u00f3s dar entrada no hospital. <\/span><\/p>\n<p><span style=\"font-size: 14pt;\">A Pol\u00edcia Civil, t\u00e3o logo tomou conhecimento do crime, diligenciou no sentido de requisitar a realiza\u00e7\u00e3o de per\u00edcia no corpo da v\u00edtima atrav\u00e9s do IML em Governador Valadares, bem como inquirir as testemunhas que presenciaram o assassinato. <\/span><\/p>\n<p><span style=\"font-size: 14pt;\">O Delegado de Mantena, Dr. Iure da Mota, ap\u00f3s as dilig\u00eancias preliminares, pleiteou junto ao Poder Judici\u00e1rio, a decreta\u00e7\u00e3o da pris\u00e3o preventiva do suspeito, sendo a medida prontamente deferida no dia seguinte ao crime, sexta-feira (4). <\/span><\/p>\n<p><span style=\"font-size: 14pt;\">A Pol\u00edcia Civil em Mantena realizou dilig\u00eancias com suporte da Ag\u00eancia de Intelig\u00eancia do Departamento de Pol\u00edcia Civil em Governador Valadares a fim de cumprir o mandado de pris\u00e3o sendo este cumprido nesta ter\u00e7a-feira. <\/span><\/p>\n<p><span style=\"font-size: 14pt;\">O suspeito foi encaminhado para o pres\u00eddio regional de Mantena onde permanecer\u00e1 \u00e0 disposi\u00e7\u00e3o da Justi\u00e7a. (fonte: Assessoria da PCMG).<\/span><\/p>\n","protected":false},"excerpt":{"rendered":"<p>Foi preso na manh\u00e3 desta ter\u00e7a-feira, dia 08 de Maio em Mantena, Jos\u00e9 Nilson G.F., de 39 anos, mais conhecido como &#8220;Nilsinho&#8221;, suspeito de ter matado a jovem Keyla Cristina de Oliveira Emiliano, de 34 anos, na \u00faltima quinta-feira (3 de Maio), em Mantena. O investigado se apresentou espontaneamente na Delegacia de Pol\u00edcia Civil em [&hellip;]<\/p>\n","protected":false},"author":1,"featured_media":28605,"comment_status":"open","ping_status":"open","sticky":false,"template":"","format":"standard","meta":[],"categories":[11,34],"tags":[],"_links":{"self":[{"href":"http:\/\/www.portalmantena.com.br\/novo\/index.php?rest_route=\/wp\/v2\/posts\/28604"}],"collection":[{"href":"http:\/\/www.portalmantena.com.br\/novo\/index.php?rest_route=\/wp\/v2\/posts"}],"about":[{"href":"http:\/\/www.portalmantena.com.br\/novo\/index.php?rest_route=\/wp\/v2\/types\/post"}],"author":[{"embeddable":true,"href":"http:\/\/www.portalmantena.com.br\/novo\/index.php?rest_route=\/wp\/v2\/users\/1"}],"replies":[{"embeddable":true,"href":"http:\/\/www.portalmantena.com.br\/novo\/index.php?rest_route=%2Fwp%2Fv2%2Fcomments&post=28604"}],"version-history":[{"count":1,"href":"http:\/\/www.portalmantena.com.br\/novo\/index.php?rest_route=\/wp\/v2\/posts\/28604\/revisions"}],"predecessor-version":[{"id":28606,"href":"http:\/\/www.portalmantena.com.br\/novo\/index.php?rest_route=\/wp\/v2\/posts\/28604\/revisions\/28606"}],"wp:featuredmedia":[{"embeddable":true,"href":"http:\/\/www.portalmantena.com.br\/novo\/index.php?rest_route=\/wp\/v2\/media\/28605"}],"wp:attachment":[{"href":"http:\/\/www.portalmantena.com.br\/novo\/index.php?rest_route=%2Fwp%2Fv2%2Fmedia&parent=28604"}],"wp:term":[{"taxonomy":"category","embeddable":true,"href":"http:\/\/www.portalmantena.com.br\/novo\/index.php?rest_route=%2Fwp%2Fv2%2Fcategories&post=28604"},{"taxonomy":"post_tag","embeddable":true,"href":"http:\/\/www.portalmantena.com.br\/novo\/index.php?rest_route=%2Fwp%2Fv2%2Ftags&post=28604"}],"curies":[{"name":"wp","href":"https:\/\/api.w.org\/{rel}","templated":true}]}}