{"id":28600,"date":"2018-05-08T08:41:53","date_gmt":"2018-05-08T11:41:53","guid":{"rendered":"http:\/\/www.portalmantena.com.br\/novo\/?p=28600"},"modified":"2018-05-08T10:51:02","modified_gmt":"2018-05-08T13:51:02","slug":"dia-de-cinema-em-mantena-com-pipoca-e-refrigerante","status":"publish","type":"post","link":"http:\/\/www.portalmantena.com.br\/novo\/?p=28600","title":{"rendered":"Dia de Cinema em Mantena com Pipoca e Refrigerante"},"content":{"rendered":"<p><a href=\"http:\/\/www.portalmantena.com.br\/novo\/wp-content\/uploads\/2018\/05\/vi050518cinema2-1.jpg\"><img loading=\"lazy\" class=\"alignnone size-full wp-image-28602\" src=\"http:\/\/www.portalmantena.com.br\/novo\/wp-content\/uploads\/2018\/05\/vi050518cinema2-1.jpg\" alt=\"\" width=\"700\" height=\"450\" srcset=\"http:\/\/www.portalmantena.com.br\/novo\/wp-content\/uploads\/2018\/05\/vi050518cinema2-1.jpg 700w, http:\/\/www.portalmantena.com.br\/novo\/wp-content\/uploads\/2018\/05\/vi050518cinema2-1-300x193.jpg 300w, http:\/\/www.portalmantena.com.br\/novo\/wp-content\/uploads\/2018\/05\/vi050518cinema2-1-696x447.jpg 696w, http:\/\/www.portalmantena.com.br\/novo\/wp-content\/uploads\/2018\/05\/vi050518cinema2-1-653x420.jpg 653w\" sizes=\"(max-width: 700px) 100vw, 700px\" \/><\/a><\/p>\n<p><span style=\"font-size: 14pt;\">Foi realmente um sucesso a exibi\u00e7\u00e3o de filmes em Mantena, na Carreta Cinema que esteve na cidade no \u00faltimo final de semana, uma realiza\u00e7\u00e3o do Minist\u00e9rio da Cultura com o patroc\u00ednio da Caixa Seguradora. <\/span><\/p>\n<p><span style=\"font-size: 14pt;\">No apoio da prefeitura de Mantena, as meninas da Secretaria de Cultura e da Ind\u00fastria e Com\u00e9rcio, n\u00e3o faltaram pipocas e refrigerantes, proporcionando assim momentos mais que especiais.\u00a0<\/span><\/p>\n<p><a href=\"http:\/\/www.portalmantena.com.br\/novo\/wp-content\/uploads\/2018\/05\/vi050518cinema1-1.jpg\"><img loading=\"lazy\" class=\"alignnone size-full wp-image-28601\" src=\"http:\/\/www.portalmantena.com.br\/novo\/wp-content\/uploads\/2018\/05\/vi050518cinema1-1.jpg\" alt=\"\" width=\"700\" height=\"450\" srcset=\"http:\/\/www.portalmantena.com.br\/novo\/wp-content\/uploads\/2018\/05\/vi050518cinema1-1.jpg 700w, http:\/\/www.portalmantena.com.br\/novo\/wp-content\/uploads\/2018\/05\/vi050518cinema1-1-300x193.jpg 300w, http:\/\/www.portalmantena.com.br\/novo\/wp-content\/uploads\/2018\/05\/vi050518cinema1-1-696x447.jpg 696w, http:\/\/www.portalmantena.com.br\/novo\/wp-content\/uploads\/2018\/05\/vi050518cinema1-1-653x420.jpg 653w\" sizes=\"(max-width: 700px) 100vw, 700px\" \/><\/a><\/p>\n","protected":false},"excerpt":{"rendered":"<p>Foi realmente um sucesso a exibi\u00e7\u00e3o de filmes em Mantena, na Carreta Cinema que esteve na cidade no \u00faltimo final de semana, uma realiza\u00e7\u00e3o do Minist\u00e9rio da Cultura com o patroc\u00ednio da Caixa Seguradora. No apoio da prefeitura de Mantena, as meninas da Secretaria de Cultura e da Ind\u00fastria e Com\u00e9rcio, n\u00e3o faltaram pipocas e [&hellip;]<\/p>\n","protected":false},"author":1,"featured_media":28602,"comment_status":"open","ping_status":"open","sticky":false,"template":"","format":"standard","meta":[],"categories":[7],"tags":[],"_links":{"self":[{"href":"http:\/\/www.portalmantena.com.br\/novo\/index.php?rest_route=\/wp\/v2\/posts\/28600"}],"collection":[{"href":"http:\/\/www.portalmantena.com.br\/novo\/index.php?rest_route=\/wp\/v2\/posts"}],"about":[{"href":"http:\/\/www.portalmantena.com.br\/novo\/index.php?rest_route=\/wp\/v2\/types\/post"}],"author":[{"embeddable":true,"href":"http:\/\/www.portalmantena.com.br\/novo\/index.php?rest_route=\/wp\/v2\/users\/1"}],"replies":[{"embeddable":true,"href":"http:\/\/www.portalmantena.com.br\/novo\/index.php?rest_route=%2Fwp%2Fv2%2Fcomments&post=28600"}],"version-history":[{"count":1,"href":"http:\/\/www.portalmantena.com.br\/novo\/index.php?rest_route=\/wp\/v2\/posts\/28600\/revisions"}],"predecessor-version":[{"id":28603,"href":"http:\/\/www.portalmantena.com.br\/novo\/index.php?rest_route=\/wp\/v2\/posts\/28600\/revisions\/28603"}],"wp:featuredmedia":[{"embeddable":true,"href":"http:\/\/www.portalmantena.com.br\/novo\/index.php?rest_route=\/wp\/v2\/media\/28602"}],"wp:attachment":[{"href":"http:\/\/www.portalmantena.com.br\/novo\/index.php?rest_route=%2Fwp%2Fv2%2Fmedia&parent=28600"}],"wp:term":[{"taxonomy":"category","embeddable":true,"href":"http:\/\/www.portalmantena.com.br\/novo\/index.php?rest_route=%2Fwp%2Fv2%2Fcategories&post=28600"},{"taxonomy":"post_tag","embeddable":true,"href":"http:\/\/www.portalmantena.com.br\/novo\/index.php?rest_route=%2Fwp%2Fv2%2Ftags&post=28600"}],"curies":[{"name":"wp","href":"https:\/\/api.w.org\/{rel}","templated":true}]}}