{"id":28571,"date":"2018-05-08T07:39:41","date_gmt":"2018-05-08T10:39:41","guid":{"rendered":"http:\/\/www.portalmantena.com.br\/novo\/?p=28571"},"modified":"2018-05-08T09:49:43","modified_gmt":"2018-05-08T12:49:43","slug":"emilly-completou-4-aninhos-emocionando-os-avos","status":"publish","type":"post","link":"http:\/\/www.portalmantena.com.br\/novo\/?p=28571","title":{"rendered":"Emilly completou 4 aninhos, emocionando os av\u00f3s"},"content":{"rendered":"<p><a href=\"http:\/\/www.portalmantena.com.br\/novo\/wp-content\/uploads\/2018\/05\/vi080518niver1.jpg\"><img loading=\"lazy\" class=\"alignnone size-full wp-image-28572\" src=\"http:\/\/www.portalmantena.com.br\/novo\/wp-content\/uploads\/2018\/05\/vi080518niver1.jpg\" alt=\"\" width=\"700\" height=\"450\" srcset=\"http:\/\/www.portalmantena.com.br\/novo\/wp-content\/uploads\/2018\/05\/vi080518niver1.jpg 700w, http:\/\/www.portalmantena.com.br\/novo\/wp-content\/uploads\/2018\/05\/vi080518niver1-300x193.jpg 300w, http:\/\/www.portalmantena.com.br\/novo\/wp-content\/uploads\/2018\/05\/vi080518niver1-696x447.jpg 696w, http:\/\/www.portalmantena.com.br\/novo\/wp-content\/uploads\/2018\/05\/vi080518niver1-653x420.jpg 653w\" sizes=\"(max-width: 700px) 100vw, 700px\" \/><\/a><\/p>\n<p><span style=\"font-size: 14pt;\">Nesta segunda-feira dia 07 de maio, aconteceu o anivers\u00e1rio da pequena Emilly Teixeira Costa Campos, neta do casal Edilson Campos &amp; Marta Helena Alves, eles que residem em Pav\u00e3o\/MG no Vale do Mucuri. <\/span><\/p>\n<p><span style=\"font-size: 14pt;\">Ela que completou 4 aninhos e recebeu todo caminho e amor da fam\u00edlia neste dia especial, principalmente dos av\u00f3s, parab\u00e9ns.<\/span><\/p>\n<p><a href=\"http:\/\/www.portalmantena.com.br\/novo\/wp-content\/uploads\/2018\/05\/vi080518niver2.jpg\"><img loading=\"lazy\" class=\"alignnone size-full wp-image-28573\" src=\"http:\/\/www.portalmantena.com.br\/novo\/wp-content\/uploads\/2018\/05\/vi080518niver2.jpg\" alt=\"\" width=\"700\" height=\"450\" srcset=\"http:\/\/www.portalmantena.com.br\/novo\/wp-content\/uploads\/2018\/05\/vi080518niver2.jpg 700w, http:\/\/www.portalmantena.com.br\/novo\/wp-content\/uploads\/2018\/05\/vi080518niver2-300x193.jpg 300w, http:\/\/www.portalmantena.com.br\/novo\/wp-content\/uploads\/2018\/05\/vi080518niver2-696x447.jpg 696w, http:\/\/www.portalmantena.com.br\/novo\/wp-content\/uploads\/2018\/05\/vi080518niver2-653x420.jpg 653w\" sizes=\"(max-width: 700px) 100vw, 700px\" \/><\/a><\/p>\n","protected":false},"excerpt":{"rendered":"<p>Nesta segunda-feira dia 07 de maio, aconteceu o anivers\u00e1rio da pequena Emilly Teixeira Costa Campos, neta do casal Edilson Campos &amp; Marta Helena Alves, eles que residem em Pav\u00e3o\/MG no Vale do Mucuri. Ela que completou 4 aninhos e recebeu todo caminho e amor da fam\u00edlia neste dia especial, principalmente dos av\u00f3s, parab\u00e9ns.<\/p>\n","protected":false},"author":1,"featured_media":28572,"comment_status":"open","ping_status":"open","sticky":false,"template":"","format":"standard","meta":[],"categories":[7],"tags":[],"_links":{"self":[{"href":"http:\/\/www.portalmantena.com.br\/novo\/index.php?rest_route=\/wp\/v2\/posts\/28571"}],"collection":[{"href":"http:\/\/www.portalmantena.com.br\/novo\/index.php?rest_route=\/wp\/v2\/posts"}],"about":[{"href":"http:\/\/www.portalmantena.com.br\/novo\/index.php?rest_route=\/wp\/v2\/types\/post"}],"author":[{"embeddable":true,"href":"http:\/\/www.portalmantena.com.br\/novo\/index.php?rest_route=\/wp\/v2\/users\/1"}],"replies":[{"embeddable":true,"href":"http:\/\/www.portalmantena.com.br\/novo\/index.php?rest_route=%2Fwp%2Fv2%2Fcomments&post=28571"}],"version-history":[{"count":1,"href":"http:\/\/www.portalmantena.com.br\/novo\/index.php?rest_route=\/wp\/v2\/posts\/28571\/revisions"}],"predecessor-version":[{"id":28574,"href":"http:\/\/www.portalmantena.com.br\/novo\/index.php?rest_route=\/wp\/v2\/posts\/28571\/revisions\/28574"}],"wp:featuredmedia":[{"embeddable":true,"href":"http:\/\/www.portalmantena.com.br\/novo\/index.php?rest_route=\/wp\/v2\/media\/28572"}],"wp:attachment":[{"href":"http:\/\/www.portalmantena.com.br\/novo\/index.php?rest_route=%2Fwp%2Fv2%2Fmedia&parent=28571"}],"wp:term":[{"taxonomy":"category","embeddable":true,"href":"http:\/\/www.portalmantena.com.br\/novo\/index.php?rest_route=%2Fwp%2Fv2%2Fcategories&post=28571"},{"taxonomy":"post_tag","embeddable":true,"href":"http:\/\/www.portalmantena.com.br\/novo\/index.php?rest_route=%2Fwp%2Fv2%2Ftags&post=28571"}],"curies":[{"name":"wp","href":"https:\/\/api.w.org\/{rel}","templated":true}]}}