{"id":28567,"date":"2018-05-08T09:37:59","date_gmt":"2018-05-08T12:37:59","guid":{"rendered":"http:\/\/www.portalmantena.com.br\/novo\/?p=28567"},"modified":"2018-05-08T09:37:59","modified_gmt":"2018-05-08T12:37:59","slug":"fatima-maciel-soprando-velinhas-nesta-terca-feira","status":"publish","type":"post","link":"http:\/\/www.portalmantena.com.br\/novo\/?p=28567","title":{"rendered":"F\u00e1tima Maciel soprando velinhas nesta ter\u00e7a-feira"},"content":{"rendered":"<p><a href=\"http:\/\/www.portalmantena.com.br\/novo\/wp-content\/uploads\/2018\/05\/vi080518fatima1.jpg\"><img loading=\"lazy\" class=\"alignnone size-full wp-image-28568\" src=\"http:\/\/www.portalmantena.com.br\/novo\/wp-content\/uploads\/2018\/05\/vi080518fatima1.jpg\" alt=\"\" width=\"700\" height=\"450\" srcset=\"http:\/\/www.portalmantena.com.br\/novo\/wp-content\/uploads\/2018\/05\/vi080518fatima1.jpg 700w, http:\/\/www.portalmantena.com.br\/novo\/wp-content\/uploads\/2018\/05\/vi080518fatima1-300x193.jpg 300w, http:\/\/www.portalmantena.com.br\/novo\/wp-content\/uploads\/2018\/05\/vi080518fatima1-696x447.jpg 696w, http:\/\/www.portalmantena.com.br\/novo\/wp-content\/uploads\/2018\/05\/vi080518fatima1-653x420.jpg 653w\" sizes=\"(max-width: 700px) 100vw, 700px\" \/><\/a><\/p>\n<p><span style=\"font-size: 14pt;\">A nossa amiga, a mantenense F\u00e1tima Maciel, m\u00e3e da Isadora (foto) e esposa do vereador Genivaldo Assis \u00e9 quem sopra velinhas nesta ter\u00e7a-feira dia 08 de Maio. <\/span><\/p>\n<p><span style=\"font-size: 14pt;\">Aproveitamos a oportunidade para lhe desejar muitos e muitos anos de vida, sa\u00fade, paz e muitas felicidades, e que o nosso Deus esteja sempre \u00e0 frente de sua vida, aben\u00e7oando e protegendo.<\/span><\/p>\n<p><a href=\"http:\/\/www.portalmantena.com.br\/novo\/wp-content\/uploads\/2018\/05\/vi080518fatima2.jpg\"><img loading=\"lazy\" class=\"alignnone size-full wp-image-28569\" src=\"http:\/\/www.portalmantena.com.br\/novo\/wp-content\/uploads\/2018\/05\/vi080518fatima2.jpg\" alt=\"\" width=\"700\" height=\"450\" srcset=\"http:\/\/www.portalmantena.com.br\/novo\/wp-content\/uploads\/2018\/05\/vi080518fatima2.jpg 700w, http:\/\/www.portalmantena.com.br\/novo\/wp-content\/uploads\/2018\/05\/vi080518fatima2-300x193.jpg 300w, http:\/\/www.portalmantena.com.br\/novo\/wp-content\/uploads\/2018\/05\/vi080518fatima2-696x447.jpg 696w, http:\/\/www.portalmantena.com.br\/novo\/wp-content\/uploads\/2018\/05\/vi080518fatima2-653x420.jpg 653w\" sizes=\"(max-width: 700px) 100vw, 700px\" \/><\/a><\/p>\n","protected":false},"excerpt":{"rendered":"<p>A nossa amiga, a mantenense F\u00e1tima Maciel, m\u00e3e da Isadora (foto) e esposa do vereador Genivaldo Assis \u00e9 quem sopra velinhas nesta ter\u00e7a-feira dia 08 de Maio. Aproveitamos a oportunidade para lhe desejar muitos e muitos anos de vida, sa\u00fade, paz e muitas felicidades, e que o nosso Deus esteja sempre \u00e0 frente de sua [&hellip;]<\/p>\n","protected":false},"author":1,"featured_media":28568,"comment_status":"open","ping_status":"open","sticky":false,"template":"","format":"standard","meta":[],"categories":[7],"tags":[],"_links":{"self":[{"href":"http:\/\/www.portalmantena.com.br\/novo\/index.php?rest_route=\/wp\/v2\/posts\/28567"}],"collection":[{"href":"http:\/\/www.portalmantena.com.br\/novo\/index.php?rest_route=\/wp\/v2\/posts"}],"about":[{"href":"http:\/\/www.portalmantena.com.br\/novo\/index.php?rest_route=\/wp\/v2\/types\/post"}],"author":[{"embeddable":true,"href":"http:\/\/www.portalmantena.com.br\/novo\/index.php?rest_route=\/wp\/v2\/users\/1"}],"replies":[{"embeddable":true,"href":"http:\/\/www.portalmantena.com.br\/novo\/index.php?rest_route=%2Fwp%2Fv2%2Fcomments&post=28567"}],"version-history":[{"count":1,"href":"http:\/\/www.portalmantena.com.br\/novo\/index.php?rest_route=\/wp\/v2\/posts\/28567\/revisions"}],"predecessor-version":[{"id":28570,"href":"http:\/\/www.portalmantena.com.br\/novo\/index.php?rest_route=\/wp\/v2\/posts\/28567\/revisions\/28570"}],"wp:featuredmedia":[{"embeddable":true,"href":"http:\/\/www.portalmantena.com.br\/novo\/index.php?rest_route=\/wp\/v2\/media\/28568"}],"wp:attachment":[{"href":"http:\/\/www.portalmantena.com.br\/novo\/index.php?rest_route=%2Fwp%2Fv2%2Fmedia&parent=28567"}],"wp:term":[{"taxonomy":"category","embeddable":true,"href":"http:\/\/www.portalmantena.com.br\/novo\/index.php?rest_route=%2Fwp%2Fv2%2Fcategories&post=28567"},{"taxonomy":"post_tag","embeddable":true,"href":"http:\/\/www.portalmantena.com.br\/novo\/index.php?rest_route=%2Fwp%2Fv2%2Ftags&post=28567"}],"curies":[{"name":"wp","href":"https:\/\/api.w.org\/{rel}","templated":true}]}}