{"id":28494,"date":"2018-05-07T13:54:16","date_gmt":"2018-05-07T16:54:16","guid":{"rendered":"http:\/\/www.portalmantena.com.br\/novo\/?p=28494"},"modified":"2018-05-09T07:56:12","modified_gmt":"2018-05-09T10:56:12","slug":"pms-de-mantena-e-sao-francisco-reunidos-em-culto-de-gratidao","status":"publish","type":"post","link":"http:\/\/www.portalmantena.com.br\/novo\/?p=28494","title":{"rendered":"PMs de Mantena e S\u00e3o Francisco reunidos em Culto de Gratid\u00e3o"},"content":{"rendered":"<p><a href=\"http:\/\/www.portalmantena.com.br\/novo\/wp-content\/uploads\/2018\/05\/no070518culto1.jpg\"><img loading=\"lazy\" class=\"alignnone size-full wp-image-28495\" src=\"http:\/\/www.portalmantena.com.br\/novo\/wp-content\/uploads\/2018\/05\/no070518culto1.jpg\" alt=\"\" width=\"700\" height=\"450\" srcset=\"http:\/\/www.portalmantena.com.br\/novo\/wp-content\/uploads\/2018\/05\/no070518culto1.jpg 700w, http:\/\/www.portalmantena.com.br\/novo\/wp-content\/uploads\/2018\/05\/no070518culto1-300x193.jpg 300w, http:\/\/www.portalmantena.com.br\/novo\/wp-content\/uploads\/2018\/05\/no070518culto1-696x447.jpg 696w, http:\/\/www.portalmantena.com.br\/novo\/wp-content\/uploads\/2018\/05\/no070518culto1-653x420.jpg 653w\" sizes=\"(max-width: 700px) 100vw, 700px\" \/><\/a><\/p>\n<p><span style=\"font-size: 14pt;\">Na \u00faltima quinta-feira 03 de maio os Policiais da PMMG e PMES se reuniram na Igreja Assembl\u00e9ia de Deus Minist\u00e9rio de Madureira em Mantena para agradecer a Deus por todas as vit\u00f3rias alcan\u00e7adas na regi\u00e3o. <\/span><\/p>\n<p><span style=\"font-size: 14pt;\">Pastor Raulito deu as boas vindas a todos e disse que \u00e9 um culto marcante, pois, foi a primeira vez que se reuniram tantos policiais das pol\u00edcias dos dois estados em um mesmo templo de adora\u00e7\u00e3o a Deus em Mantena. <\/span><\/p>\n<p><span style=\"font-size: 14pt;\">O Tenente Chagas, da PMES explicou que o culto faz parte de um projeto que tem resultado em grandes mudan\u00e7as, inclusive impactando na redu\u00e7\u00e3o da viol\u00eancia. <\/span><\/p>\n<p><span style=\"font-size: 14pt;\">O Pastor F\u00e1bio &#8211; Sargento da PMMG trouxe uma mensagem direcionada aos militares; salientou que\u00a0 com\u00a0 Deus a vit\u00f3ria \u00e9 garantida. <\/span><\/p>\n<p><span style=\"font-size: 14pt;\">O comandante do 11\u00b0 Batalh\u00e3o sediado em Barra de S\u00e3o Francisco, Tenente Coronel Luciano e a Major Carla, comandante da 18a CIA PM IND de Mantena participaram do culto e s\u00e3o incentivadores do projeto. (fonte\/foto:PM).<\/span><\/p>\n<p><a href=\"http:\/\/www.portalmantena.com.br\/novo\/wp-content\/uploads\/2018\/05\/no070518culto2.jpg\"><img loading=\"lazy\" class=\"alignnone size-full wp-image-28496\" src=\"http:\/\/www.portalmantena.com.br\/novo\/wp-content\/uploads\/2018\/05\/no070518culto2.jpg\" alt=\"\" width=\"700\" height=\"450\" srcset=\"http:\/\/www.portalmantena.com.br\/novo\/wp-content\/uploads\/2018\/05\/no070518culto2.jpg 700w, http:\/\/www.portalmantena.com.br\/novo\/wp-content\/uploads\/2018\/05\/no070518culto2-300x193.jpg 300w, http:\/\/www.portalmantena.com.br\/novo\/wp-content\/uploads\/2018\/05\/no070518culto2-696x447.jpg 696w, http:\/\/www.portalmantena.com.br\/novo\/wp-content\/uploads\/2018\/05\/no070518culto2-653x420.jpg 653w\" sizes=\"(max-width: 700px) 100vw, 700px\" \/><\/a> <a href=\"http:\/\/www.portalmantena.com.br\/novo\/wp-content\/uploads\/2018\/05\/no070518culto3.jpg\"><img loading=\"lazy\" class=\"alignnone size-full wp-image-28497\" src=\"http:\/\/www.portalmantena.com.br\/novo\/wp-content\/uploads\/2018\/05\/no070518culto3.jpg\" alt=\"\" width=\"700\" height=\"450\" srcset=\"http:\/\/www.portalmantena.com.br\/novo\/wp-content\/uploads\/2018\/05\/no070518culto3.jpg 700w, http:\/\/www.portalmantena.com.br\/novo\/wp-content\/uploads\/2018\/05\/no070518culto3-300x193.jpg 300w, http:\/\/www.portalmantena.com.br\/novo\/wp-content\/uploads\/2018\/05\/no070518culto3-696x447.jpg 696w, http:\/\/www.portalmantena.com.br\/novo\/wp-content\/uploads\/2018\/05\/no070518culto3-653x420.jpg 653w\" sizes=\"(max-width: 700px) 100vw, 700px\" \/><\/a> <a href=\"http:\/\/www.portalmantena.com.br\/novo\/wp-content\/uploads\/2018\/05\/no070518culto4.jpg\"><img loading=\"lazy\" class=\"alignnone size-full wp-image-28498\" src=\"http:\/\/www.portalmantena.com.br\/novo\/wp-content\/uploads\/2018\/05\/no070518culto4.jpg\" alt=\"\" width=\"700\" height=\"450\" srcset=\"http:\/\/www.portalmantena.com.br\/novo\/wp-content\/uploads\/2018\/05\/no070518culto4.jpg 700w, http:\/\/www.portalmantena.com.br\/novo\/wp-content\/uploads\/2018\/05\/no070518culto4-300x193.jpg 300w, http:\/\/www.portalmantena.com.br\/novo\/wp-content\/uploads\/2018\/05\/no070518culto4-696x447.jpg 696w, http:\/\/www.portalmantena.com.br\/novo\/wp-content\/uploads\/2018\/05\/no070518culto4-653x420.jpg 653w\" sizes=\"(max-width: 700px) 100vw, 700px\" \/><\/a> <a href=\"http:\/\/www.portalmantena.com.br\/novo\/wp-content\/uploads\/2018\/05\/no070518culto5.jpg\"><img loading=\"lazy\" class=\"alignnone size-full wp-image-28499\" src=\"http:\/\/www.portalmantena.com.br\/novo\/wp-content\/uploads\/2018\/05\/no070518culto5.jpg\" alt=\"\" width=\"700\" height=\"450\" srcset=\"http:\/\/www.portalmantena.com.br\/novo\/wp-content\/uploads\/2018\/05\/no070518culto5.jpg 700w, http:\/\/www.portalmantena.com.br\/novo\/wp-content\/uploads\/2018\/05\/no070518culto5-300x193.jpg 300w, http:\/\/www.portalmantena.com.br\/novo\/wp-content\/uploads\/2018\/05\/no070518culto5-696x447.jpg 696w, http:\/\/www.portalmantena.com.br\/novo\/wp-content\/uploads\/2018\/05\/no070518culto5-653x420.jpg 653w\" sizes=\"(max-width: 700px) 100vw, 700px\" \/><\/a> <a href=\"http:\/\/www.portalmantena.com.br\/novo\/wp-content\/uploads\/2018\/05\/no070518culto6.jpg\"><img loading=\"lazy\" class=\"alignnone size-full wp-image-28500\" src=\"http:\/\/www.portalmantena.com.br\/novo\/wp-content\/uploads\/2018\/05\/no070518culto6.jpg\" alt=\"\" width=\"700\" height=\"450\" srcset=\"http:\/\/www.portalmantena.com.br\/novo\/wp-content\/uploads\/2018\/05\/no070518culto6.jpg 700w, http:\/\/www.portalmantena.com.br\/novo\/wp-content\/uploads\/2018\/05\/no070518culto6-300x193.jpg 300w, http:\/\/www.portalmantena.com.br\/novo\/wp-content\/uploads\/2018\/05\/no070518culto6-696x447.jpg 696w, http:\/\/www.portalmantena.com.br\/novo\/wp-content\/uploads\/2018\/05\/no070518culto6-653x420.jpg 653w\" sizes=\"(max-width: 700px) 100vw, 700px\" \/><\/a><\/p>\n","protected":false},"excerpt":{"rendered":"<p>Na \u00faltima quinta-feira 03 de maio os Policiais da PMMG e PMES se reuniram na Igreja Assembl\u00e9ia de Deus Minist\u00e9rio de Madureira em Mantena para agradecer a Deus por todas as vit\u00f3rias alcan\u00e7adas na regi\u00e3o. Pastor Raulito deu as boas vindas a todos e disse que \u00e9 um culto marcante, pois, foi a primeira vez [&hellip;]<\/p>\n","protected":false},"author":1,"featured_media":28495,"comment_status":"open","ping_status":"open","sticky":false,"template":"","format":"standard","meta":[],"categories":[36,69],"tags":[],"_links":{"self":[{"href":"http:\/\/www.portalmantena.com.br\/novo\/index.php?rest_route=\/wp\/v2\/posts\/28494"}],"collection":[{"href":"http:\/\/www.portalmantena.com.br\/novo\/index.php?rest_route=\/wp\/v2\/posts"}],"about":[{"href":"http:\/\/www.portalmantena.com.br\/novo\/index.php?rest_route=\/wp\/v2\/types\/post"}],"author":[{"embeddable":true,"href":"http:\/\/www.portalmantena.com.br\/novo\/index.php?rest_route=\/wp\/v2\/users\/1"}],"replies":[{"embeddable":true,"href":"http:\/\/www.portalmantena.com.br\/novo\/index.php?rest_route=%2Fwp%2Fv2%2Fcomments&post=28494"}],"version-history":[{"count":1,"href":"http:\/\/www.portalmantena.com.br\/novo\/index.php?rest_route=\/wp\/v2\/posts\/28494\/revisions"}],"predecessor-version":[{"id":28501,"href":"http:\/\/www.portalmantena.com.br\/novo\/index.php?rest_route=\/wp\/v2\/posts\/28494\/revisions\/28501"}],"wp:featuredmedia":[{"embeddable":true,"href":"http:\/\/www.portalmantena.com.br\/novo\/index.php?rest_route=\/wp\/v2\/media\/28495"}],"wp:attachment":[{"href":"http:\/\/www.portalmantena.com.br\/novo\/index.php?rest_route=%2Fwp%2Fv2%2Fmedia&parent=28494"}],"wp:term":[{"taxonomy":"category","embeddable":true,"href":"http:\/\/www.portalmantena.com.br\/novo\/index.php?rest_route=%2Fwp%2Fv2%2Fcategories&post=28494"},{"taxonomy":"post_tag","embeddable":true,"href":"http:\/\/www.portalmantena.com.br\/novo\/index.php?rest_route=%2Fwp%2Fv2%2Ftags&post=28494"}],"curies":[{"name":"wp","href":"https:\/\/api.w.org\/{rel}","templated":true}]}}