{"id":27793,"date":"2018-04-25T05:09:02","date_gmt":"2018-04-25T08:09:02","guid":{"rendered":"http:\/\/www.portalmantena.com.br\/novo\/?p=27793"},"modified":"2018-04-25T10:46:07","modified_gmt":"2018-04-25T13:46:07","slug":"parabens-pelo-aniversario-dos-ilustres-irmaos-mantenenses","status":"publish","type":"post","link":"http:\/\/www.portalmantena.com.br\/novo\/?p=27793","title":{"rendered":"Parab\u00e9ns pelo anivers\u00e1rio dos ilustres irm\u00e3os mantenenses"},"content":{"rendered":"<p><a href=\"http:\/\/www.portalmantena.com.br\/novo\/wp-content\/uploads\/2018\/04\/vi250418palar.jpg\"><img loading=\"lazy\" class=\"alignnone size-full wp-image-27794\" src=\"http:\/\/www.portalmantena.com.br\/novo\/wp-content\/uploads\/2018\/04\/vi250418palar.jpg\" alt=\"\" width=\"700\" height=\"450\" srcset=\"http:\/\/www.portalmantena.com.br\/novo\/wp-content\/uploads\/2018\/04\/vi250418palar.jpg 700w, http:\/\/www.portalmantena.com.br\/novo\/wp-content\/uploads\/2018\/04\/vi250418palar-300x193.jpg 300w, http:\/\/www.portalmantena.com.br\/novo\/wp-content\/uploads\/2018\/04\/vi250418palar-696x447.jpg 696w, http:\/\/www.portalmantena.com.br\/novo\/wp-content\/uploads\/2018\/04\/vi250418palar-653x420.jpg 653w\" sizes=\"(max-width: 700px) 100vw, 700px\" \/><\/a><\/p>\n<p><span style=\"font-size: 14pt;\">Uma excelente oportunidade de homenagear dois ilustres mantenenses, os irm\u00e3os dona Maria Palar e o conhecido Joaquim Maur\u00edcio (Mercearia), que completaram esta semana mais um ano de vida. <\/span><\/p>\n<p><span style=\"font-size: 14pt;\">Dona Maria Palar completou 80 anos de vida, e o Sr. Joaquim 83 anos, a reda\u00e7\u00e3o da revista VITRINE deseja a eles muitos e muitos anos de vida, felicidades, sa\u00fade e paz, parab\u00e9ns aos aniversariantes.<\/span><\/p>\n","protected":false},"excerpt":{"rendered":"<p>Uma excelente oportunidade de homenagear dois ilustres mantenenses, os irm\u00e3os dona Maria Palar e o conhecido Joaquim Maur\u00edcio (Mercearia), que completaram esta semana mais um ano de vida. Dona Maria Palar completou 80 anos de vida, e o Sr. Joaquim 83 anos, a reda\u00e7\u00e3o da revista VITRINE deseja a eles muitos e muitos anos de [&hellip;]<\/p>\n","protected":false},"author":1,"featured_media":27794,"comment_status":"open","ping_status":"open","sticky":false,"template":"","format":"standard","meta":[],"categories":[7],"tags":[],"_links":{"self":[{"href":"http:\/\/www.portalmantena.com.br\/novo\/index.php?rest_route=\/wp\/v2\/posts\/27793"}],"collection":[{"href":"http:\/\/www.portalmantena.com.br\/novo\/index.php?rest_route=\/wp\/v2\/posts"}],"about":[{"href":"http:\/\/www.portalmantena.com.br\/novo\/index.php?rest_route=\/wp\/v2\/types\/post"}],"author":[{"embeddable":true,"href":"http:\/\/www.portalmantena.com.br\/novo\/index.php?rest_route=\/wp\/v2\/users\/1"}],"replies":[{"embeddable":true,"href":"http:\/\/www.portalmantena.com.br\/novo\/index.php?rest_route=%2Fwp%2Fv2%2Fcomments&post=27793"}],"version-history":[{"count":1,"href":"http:\/\/www.portalmantena.com.br\/novo\/index.php?rest_route=\/wp\/v2\/posts\/27793\/revisions"}],"predecessor-version":[{"id":27795,"href":"http:\/\/www.portalmantena.com.br\/novo\/index.php?rest_route=\/wp\/v2\/posts\/27793\/revisions\/27795"}],"wp:featuredmedia":[{"embeddable":true,"href":"http:\/\/www.portalmantena.com.br\/novo\/index.php?rest_route=\/wp\/v2\/media\/27794"}],"wp:attachment":[{"href":"http:\/\/www.portalmantena.com.br\/novo\/index.php?rest_route=%2Fwp%2Fv2%2Fmedia&parent=27793"}],"wp:term":[{"taxonomy":"category","embeddable":true,"href":"http:\/\/www.portalmantena.com.br\/novo\/index.php?rest_route=%2Fwp%2Fv2%2Fcategories&post=27793"},{"taxonomy":"post_tag","embeddable":true,"href":"http:\/\/www.portalmantena.com.br\/novo\/index.php?rest_route=%2Fwp%2Fv2%2Ftags&post=27793"}],"curies":[{"name":"wp","href":"https:\/\/api.w.org\/{rel}","templated":true}]}}