{"id":27764,"date":"2018-04-24T19:58:39","date_gmt":"2018-04-24T22:58:39","guid":{"rendered":"http:\/\/www.portalmantena.com.br\/novo\/?p=27764"},"modified":"2018-04-24T20:00:06","modified_gmt":"2018-04-24T23:00:06","slug":"hillux-roubada-em-sao-francisco-foi-recuperada-em-mantena","status":"publish","type":"post","link":"http:\/\/www.portalmantena.com.br\/novo\/?p=27764","title":{"rendered":"Hillux roubada em S\u00e3o Francisco foi recuperada em Mantena"},"content":{"rendered":"<p><a href=\"http:\/\/www.portalmantena.com.br\/novo\/wp-content\/uploads\/2018\/04\/no240418roubo.jpg\"><img loading=\"lazy\" class=\"alignnone size-full wp-image-27765\" src=\"http:\/\/www.portalmantena.com.br\/novo\/wp-content\/uploads\/2018\/04\/no240418roubo.jpg\" alt=\"\" width=\"700\" height=\"450\" srcset=\"http:\/\/www.portalmantena.com.br\/novo\/wp-content\/uploads\/2018\/04\/no240418roubo.jpg 700w, http:\/\/www.portalmantena.com.br\/novo\/wp-content\/uploads\/2018\/04\/no240418roubo-300x193.jpg 300w, http:\/\/www.portalmantena.com.br\/novo\/wp-content\/uploads\/2018\/04\/no240418roubo-696x447.jpg 696w, http:\/\/www.portalmantena.com.br\/novo\/wp-content\/uploads\/2018\/04\/no240418roubo-653x420.jpg 653w\" sizes=\"(max-width: 700px) 100vw, 700px\" \/><\/a><\/p>\n<p><span style=\"font-size: 14pt;\">No \u00faltimo s\u00e1bado dia 21 de abril, durante a madrugada, uma caminhonete Hillux de cor branca, que havia sido tomada de assalto no dia anterior (20\/04), na cidade de Barra de S\u00e3o Francisco, foi localizada em Mantena pelos policiais militares que faziam ronda no bairro Vila Nova. <\/span><\/p>\n<p><span style=\"font-size: 14pt;\">O ve\u00edculo estava estacionado em via p\u00fablica e trancado. Nesta segunda-feira, dia 23 de abril, durante buscas na casa do autor Y.E.S. em Mantena, foi localizada a chave do ve\u00edculo e o celular da v\u00edtima de Barra de S\u00e3o Francisco. <\/span><\/p>\n<p><span style=\"font-size: 14pt;\">O autor confessou o crime de roubo no Esp\u00edrito Santo, ele \u00e9 o mesmo autor do roubo de um ve\u00edculo Ford Ranger de cor branca em Mantena na noite de domingo (22), que ap\u00f3s fuga acabou provocando um acidente e a morte de duas pessoas na rodovia MGC 381, sentido Valadares. <\/span><\/p>\n<p><span style=\"font-size: 14pt;\">O ve\u00edculo foi removido para o p\u00e1tio da Empresa Buskar, em Mantena. (fonte\/foto:PM).<\/span><\/p>\n","protected":false},"excerpt":{"rendered":"<p>No \u00faltimo s\u00e1bado dia 21 de abril, durante a madrugada, uma caminhonete Hillux de cor branca, que havia sido tomada de assalto no dia anterior (20\/04), na cidade de Barra de S\u00e3o Francisco, foi localizada em Mantena pelos policiais militares que faziam ronda no bairro Vila Nova. O ve\u00edculo estava estacionado em via p\u00fablica e [&hellip;]<\/p>\n","protected":false},"author":1,"featured_media":27765,"comment_status":"open","ping_status":"open","sticky":false,"template":"","format":"standard","meta":[],"categories":[11,34],"tags":[],"_links":{"self":[{"href":"http:\/\/www.portalmantena.com.br\/novo\/index.php?rest_route=\/wp\/v2\/posts\/27764"}],"collection":[{"href":"http:\/\/www.portalmantena.com.br\/novo\/index.php?rest_route=\/wp\/v2\/posts"}],"about":[{"href":"http:\/\/www.portalmantena.com.br\/novo\/index.php?rest_route=\/wp\/v2\/types\/post"}],"author":[{"embeddable":true,"href":"http:\/\/www.portalmantena.com.br\/novo\/index.php?rest_route=\/wp\/v2\/users\/1"}],"replies":[{"embeddable":true,"href":"http:\/\/www.portalmantena.com.br\/novo\/index.php?rest_route=%2Fwp%2Fv2%2Fcomments&post=27764"}],"version-history":[{"count":2,"href":"http:\/\/www.portalmantena.com.br\/novo\/index.php?rest_route=\/wp\/v2\/posts\/27764\/revisions"}],"predecessor-version":[{"id":27767,"href":"http:\/\/www.portalmantena.com.br\/novo\/index.php?rest_route=\/wp\/v2\/posts\/27764\/revisions\/27767"}],"wp:featuredmedia":[{"embeddable":true,"href":"http:\/\/www.portalmantena.com.br\/novo\/index.php?rest_route=\/wp\/v2\/media\/27765"}],"wp:attachment":[{"href":"http:\/\/www.portalmantena.com.br\/novo\/index.php?rest_route=%2Fwp%2Fv2%2Fmedia&parent=27764"}],"wp:term":[{"taxonomy":"category","embeddable":true,"href":"http:\/\/www.portalmantena.com.br\/novo\/index.php?rest_route=%2Fwp%2Fv2%2Fcategories&post=27764"},{"taxonomy":"post_tag","embeddable":true,"href":"http:\/\/www.portalmantena.com.br\/novo\/index.php?rest_route=%2Fwp%2Fv2%2Ftags&post=27764"}],"curies":[{"name":"wp","href":"https:\/\/api.w.org\/{rel}","templated":true}]}}