{"id":27750,"date":"2018-04-24T19:33:28","date_gmt":"2018-04-24T22:33:28","guid":{"rendered":"http:\/\/www.portalmantena.com.br\/novo\/?p=27750"},"modified":"2018-04-26T09:27:54","modified_gmt":"2018-04-26T12:27:54","slug":"pm-prende-autor-do-roubo-de-veiculo-seguido-de-acidente-com-morte","status":"publish","type":"post","link":"http:\/\/www.portalmantena.com.br\/novo\/?p=27750","title":{"rendered":"Preso suspeito do roubo de ve\u00edculo que provocou acidente fatal"},"content":{"rendered":"<p><a href=\"http:\/\/www.portalmantena.com.br\/novo\/wp-content\/uploads\/2018\/04\/no240418pm4.jpg\"><img loading=\"lazy\" class=\"alignnone size-full wp-image-27754\" src=\"http:\/\/www.portalmantena.com.br\/novo\/wp-content\/uploads\/2018\/04\/no240418pm4.jpg\" alt=\"\" width=\"700\" height=\"450\" srcset=\"http:\/\/www.portalmantena.com.br\/novo\/wp-content\/uploads\/2018\/04\/no240418pm4.jpg 700w, http:\/\/www.portalmantena.com.br\/novo\/wp-content\/uploads\/2018\/04\/no240418pm4-300x193.jpg 300w, http:\/\/www.portalmantena.com.br\/novo\/wp-content\/uploads\/2018\/04\/no240418pm4-696x447.jpg 696w, http:\/\/www.portalmantena.com.br\/novo\/wp-content\/uploads\/2018\/04\/no240418pm4-653x420.jpg 653w\" sizes=\"(max-width: 700px) 100vw, 700px\" \/><\/a><\/p>\n<p><span style=\"font-size: 14pt;\">Fruto positivo do empenho da dedicada Pol\u00edcia Militar de Mantena, foi preso no in\u00edcio da tarde desta ter\u00e7a-feira dia 24 de abril, o\u00a0suspeito do roubo \u00e0 m\u00e3o armada de um ve\u00edculo seguido de acidente fatal na rodovia no \u00faltimo domingo (22). <\/span><\/p>\n<p><span style=\"font-size: 14pt;\">Segundo informa\u00e7\u00f5es era por volta de 13h25\u2019 quando a pol\u00edcia (ap\u00f3s uma den\u00fancia an\u00f4nima), foi acionada sobre a presen\u00e7a de um homem com as caracter\u00edsticas do autor procurado, caminhando em uma estrada de terra nas proximidades do c\u00f3rrego S\u00e3o Francisco. <\/span><\/p>\n<p><span style=\"font-size: 14pt;\">Uma viatura policial se dirigiu ao local, enfrentando estrada escorregadia pela lama e o barro, chegando inclusive a ter problemas de locomo\u00e7\u00e3o (encostando no barranco). Mesmo assim, pela insist\u00eancia dos militares, eles chegaram de surpresa, abordando o suspeito que estava sem camisa, de bermuda, sujo e mancando. <\/span><\/p>\n<p><span style=\"font-size: 14pt;\">Ele foi identificado como Yuri H.S., e em seguida foi preso. J\u00e1 no quartel, o autor confessou que agiu sozinho, sendo o autor do assalto a m\u00e3o armada usando um simulacro de arma de fogo, onde rendeu a v\u00edtima, fugindo em seguida pela rodovia na caminhonete Ford Ranger, de cor branca.\u00a0<\/span><\/p>\n<p><span style=\"font-size: 14pt;\">Durante a pris\u00e3o, ele apresentava estar debilitado (pois n\u00e3o se alimentava ou se hidratava desde a noite de domingo), chegando a passar a noite no meio do mato, se escondendo nas proximidades do c\u00f3rrego do Turvinho, pr\u00f3ximo ao S\u00edtio Vale Verde. Em seguida, na manh\u00e3 desta segunda-feira, se locomoveu em dire\u00e7\u00e3o \u00e0 cidade, passando pela zona rural no c\u00f3rrego S\u00e3o Francisco. Ele foi abordado pela PM pr\u00f3ximo \u00e0 ch\u00e1cara Paradise, onde foi preso. <\/span><\/p>\n<p><span style=\"font-size: 14pt;\">Ap\u00f3s sua pris\u00e3o o\u00a0suspeito foi levado ao Hospital para atendimento m\u00e9dico, pois reclamava de dores principalmente no p\u00e9 esquerdo (podendo ter fraturado o p\u00e9), apresentando tamb\u00e9m leves ferimentos que podem ter sido provocados no acidente que se envolveu, onde ao bater de frente com outro ve\u00edculo durante a fuga no domingo (22), ocasionou a morte de duas pessoas de Barra de S\u00e3o Francisco, deixando outras 3 gravemente feridas.<\/span><\/p>\n<p><span style=\"font-size: 14pt;\">Yure ap\u00f3s deixar o Hospital com o p\u00e9 esquerdo enfaixado, foi levado para a Delegacia de Pol\u00edcia em Mantena, e deve na sequencia ser encaminhado ao Pres\u00eddio Local, ficando \u00e0 disposi\u00e7\u00e3o da Justi\u00e7a.<\/span><\/p>\n<p><span style=\"font-size: 14pt;\">Os policiais militares da 18\u00aa Cia PM Ind. com esta pris\u00e3o d\u00e3o uma resposta r\u00e1pida ao que a comunidade espera, justi\u00e7a pelos atos criminosos cometidos, principalmente por ter ceifado vidas, em uma a\u00e7\u00e3o irrespons\u00e1vel e criminosa. <\/span><\/p>\n<p><span style=\"font-size: 14pt;\">Pelas redes sociais, os mantenenses fizeram quest\u00e3o de parabenizar a pol\u00edcia militar pelo excelente trabalho, reconhecendo o esfor\u00e7o dos PMs que se empenharam desde a noite do \u00faltimo domingo.<\/span><\/p>\n<p><a href=\"http:\/\/www.portalmantena.com.br\/novo\/wp-content\/uploads\/2018\/04\/no240418pm2.jpg\"><img loading=\"lazy\" class=\"alignnone size-full wp-image-27752\" src=\"http:\/\/www.portalmantena.com.br\/novo\/wp-content\/uploads\/2018\/04\/no240418pm2.jpg\" alt=\"\" width=\"700\" height=\"450\" srcset=\"http:\/\/www.portalmantena.com.br\/novo\/wp-content\/uploads\/2018\/04\/no240418pm2.jpg 700w, http:\/\/www.portalmantena.com.br\/novo\/wp-content\/uploads\/2018\/04\/no240418pm2-300x193.jpg 300w, http:\/\/www.portalmantena.com.br\/novo\/wp-content\/uploads\/2018\/04\/no240418pm2-696x447.jpg 696w, http:\/\/www.portalmantena.com.br\/novo\/wp-content\/uploads\/2018\/04\/no240418pm2-653x420.jpg 653w\" sizes=\"(max-width: 700px) 100vw, 700px\" \/><\/a><span style=\"font-size: 12pt;\">Uma viatura policial se dirigiu ao local, enfrentando estrada escorregadia pela lama e o barro, chegando inclusive a ter problemas de locomo\u00e7\u00e3o (encostando no barranco).<\/span><\/p>\n<p><img loading=\"lazy\" class=\"alignnone size-full wp-image-27751\" src=\"http:\/\/www.portalmantena.com.br\/novo\/wp-content\/uploads\/2018\/04\/no240418pm1.jpg\" alt=\"\" width=\"700\" height=\"450\" srcset=\"http:\/\/www.portalmantena.com.br\/novo\/wp-content\/uploads\/2018\/04\/no240418pm1.jpg 700w, http:\/\/www.portalmantena.com.br\/novo\/wp-content\/uploads\/2018\/04\/no240418pm1-300x193.jpg 300w, http:\/\/www.portalmantena.com.br\/novo\/wp-content\/uploads\/2018\/04\/no240418pm1-696x447.jpg 696w, http:\/\/www.portalmantena.com.br\/novo\/wp-content\/uploads\/2018\/04\/no240418pm1-653x420.jpg 653w\" sizes=\"(max-width: 700px) 100vw, 700px\" \/><span style=\"font-size: 12pt;\">Pol\u00edcia segue buscas e investiga\u00e7\u00e3o pois acredita na exist\u00eancia de uma segunda pessoa envolvida no roubo do ve\u00edculo.<\/span><\/p>\n<p><img loading=\"lazy\" class=\"alignnone size-full wp-image-27753\" src=\"http:\/\/www.portalmantena.com.br\/novo\/wp-content\/uploads\/2018\/04\/no240418pm3.jpg\" alt=\"\" width=\"700\" height=\"450\" srcset=\"http:\/\/www.portalmantena.com.br\/novo\/wp-content\/uploads\/2018\/04\/no240418pm3.jpg 700w, http:\/\/www.portalmantena.com.br\/novo\/wp-content\/uploads\/2018\/04\/no240418pm3-300x193.jpg 300w, http:\/\/www.portalmantena.com.br\/novo\/wp-content\/uploads\/2018\/04\/no240418pm3-696x447.jpg 696w, http:\/\/www.portalmantena.com.br\/novo\/wp-content\/uploads\/2018\/04\/no240418pm3-653x420.jpg 653w\" sizes=\"(max-width: 700px) 100vw, 700px\" \/>Cerca de 20 policiais militares, da Ostensiva, Ambiental e Rodovi\u00e1ria, com o apoio de Militares da cidade de Governador Valadares, estiveram empenhados nas opera\u00e7\u00f5es realizadas para prender o autor.<\/p>\n","protected":false},"excerpt":{"rendered":"<p>Fruto positivo do empenho da dedicada Pol\u00edcia Militar de Mantena, foi preso no in\u00edcio da tarde desta ter\u00e7a-feira dia 24 de abril, o\u00a0suspeito do roubo \u00e0 m\u00e3o armada de um ve\u00edculo seguido de acidente fatal na rodovia no \u00faltimo domingo (22). Segundo informa\u00e7\u00f5es era por volta de 13h25\u2019 quando a pol\u00edcia (ap\u00f3s uma den\u00fancia an\u00f4nima), [&hellip;]<\/p>\n","protected":false},"author":1,"featured_media":27751,"comment_status":"open","ping_status":"open","sticky":false,"template":"","format":"standard","meta":[],"categories":[12,34],"tags":[],"_links":{"self":[{"href":"http:\/\/www.portalmantena.com.br\/novo\/index.php?rest_route=\/wp\/v2\/posts\/27750"}],"collection":[{"href":"http:\/\/www.portalmantena.com.br\/novo\/index.php?rest_route=\/wp\/v2\/posts"}],"about":[{"href":"http:\/\/www.portalmantena.com.br\/novo\/index.php?rest_route=\/wp\/v2\/types\/post"}],"author":[{"embeddable":true,"href":"http:\/\/www.portalmantena.com.br\/novo\/index.php?rest_route=\/wp\/v2\/users\/1"}],"replies":[{"embeddable":true,"href":"http:\/\/www.portalmantena.com.br\/novo\/index.php?rest_route=%2Fwp%2Fv2%2Fcomments&post=27750"}],"version-history":[{"count":12,"href":"http:\/\/www.portalmantena.com.br\/novo\/index.php?rest_route=\/wp\/v2\/posts\/27750\/revisions"}],"predecessor-version":[{"id":27873,"href":"http:\/\/www.portalmantena.com.br\/novo\/index.php?rest_route=\/wp\/v2\/posts\/27750\/revisions\/27873"}],"wp:featuredmedia":[{"embeddable":true,"href":"http:\/\/www.portalmantena.com.br\/novo\/index.php?rest_route=\/wp\/v2\/media\/27751"}],"wp:attachment":[{"href":"http:\/\/www.portalmantena.com.br\/novo\/index.php?rest_route=%2Fwp%2Fv2%2Fmedia&parent=27750"}],"wp:term":[{"taxonomy":"category","embeddable":true,"href":"http:\/\/www.portalmantena.com.br\/novo\/index.php?rest_route=%2Fwp%2Fv2%2Fcategories&post=27750"},{"taxonomy":"post_tag","embeddable":true,"href":"http:\/\/www.portalmantena.com.br\/novo\/index.php?rest_route=%2Fwp%2Fv2%2Ftags&post=27750"}],"curies":[{"name":"wp","href":"https:\/\/api.w.org\/{rel}","templated":true}]}}