{"id":27726,"date":"2018-04-25T03:25:39","date_gmt":"2018-04-25T06:25:39","guid":{"rendered":"http:\/\/www.portalmantena.com.br\/novo\/?p=27726"},"modified":"2018-04-24T13:27:38","modified_gmt":"2018-04-24T16:27:38","slug":"motorista-cochila-e-carro-cai-em-ribanceira-em-sao-vitor","status":"publish","type":"post","link":"http:\/\/www.portalmantena.com.br\/novo\/?p=27726","title":{"rendered":"Motorista cochila e carro cai em ribanceira em S\u00e3o Vitor"},"content":{"rendered":"<p><a href=\"http:\/\/www.portalmantena.com.br\/novo\/wp-content\/uploads\/2018\/04\/no240418aci1.jpg\"><img loading=\"lazy\" class=\"alignnone size-full wp-image-27727\" src=\"http:\/\/www.portalmantena.com.br\/novo\/wp-content\/uploads\/2018\/04\/no240418aci1.jpg\" alt=\"\" width=\"700\" height=\"450\" srcset=\"http:\/\/www.portalmantena.com.br\/novo\/wp-content\/uploads\/2018\/04\/no240418aci1.jpg 700w, http:\/\/www.portalmantena.com.br\/novo\/wp-content\/uploads\/2018\/04\/no240418aci1-300x193.jpg 300w, http:\/\/www.portalmantena.com.br\/novo\/wp-content\/uploads\/2018\/04\/no240418aci1-696x447.jpg 696w, http:\/\/www.portalmantena.com.br\/novo\/wp-content\/uploads\/2018\/04\/no240418aci1-653x420.jpg 653w\" sizes=\"(max-width: 700px) 100vw, 700px\" \/><\/a><\/p>\n<p><span style=\"font-size: 14pt;\">Mais um s\u00e9rio acidente foi registrado na rodovia BR-259, na \u00faltima semana. Segundo informa\u00e7\u00f5es uma caminhonete de cor preta saiu da estrada na altura do KM 124, pr\u00f3ximo ao distrito de S\u00e3o Vitor. <\/span><\/p>\n<p><span style=\"font-size: 14pt;\">Quando os militares chegaram ao local, encontram uma caminhonete preta que tracionava um reboque, ca\u00edda em uma ribanceira em meio as pastagens de uma fazenda. Logo mais abaixo (cerca de 20 metros), estava o ve\u00edculo reboque. <\/span><\/p>\n<p><span style=\"font-size: 14pt;\">O condutor do ve\u00edculo, de 33 ans, relatou aos militares que seguia para Governador Valadares quando cochilou ao volante por um instante, perdendo o controle direcional da caminhonete, capotando morro abaixo. <\/span><\/p>\n<p><span style=\"font-size: 14pt;\">Apesar do susto, o condutor n\u00e3o sofreu ferimentos graves e passa bem. Os ve\u00edculos foram retirados do local por volta das 14 horas. (fonte\/foto:noticiasnoleste).<\/span><\/p>\n<p><a href=\"http:\/\/www.portalmantena.com.br\/novo\/wp-content\/uploads\/2018\/04\/no240418aci2.jpg\"><img loading=\"lazy\" class=\"alignnone size-full wp-image-27728\" src=\"http:\/\/www.portalmantena.com.br\/novo\/wp-content\/uploads\/2018\/04\/no240418aci2.jpg\" alt=\"\" width=\"700\" height=\"450\" srcset=\"http:\/\/www.portalmantena.com.br\/novo\/wp-content\/uploads\/2018\/04\/no240418aci2.jpg 700w, http:\/\/www.portalmantena.com.br\/novo\/wp-content\/uploads\/2018\/04\/no240418aci2-300x193.jpg 300w, http:\/\/www.portalmantena.com.br\/novo\/wp-content\/uploads\/2018\/04\/no240418aci2-696x447.jpg 696w, http:\/\/www.portalmantena.com.br\/novo\/wp-content\/uploads\/2018\/04\/no240418aci2-653x420.jpg 653w\" sizes=\"(max-width: 700px) 100vw, 700px\" \/><\/a><\/p>\n","protected":false},"excerpt":{"rendered":"<p>Mais um s\u00e9rio acidente foi registrado na rodovia BR-259, na \u00faltima semana. Segundo informa\u00e7\u00f5es uma caminhonete de cor preta saiu da estrada na altura do KM 124, pr\u00f3ximo ao distrito de S\u00e3o Vitor. Quando os militares chegaram ao local, encontram uma caminhonete preta que tracionava um reboque, ca\u00edda em uma ribanceira em meio as pastagens [&hellip;]<\/p>\n","protected":false},"author":1,"featured_media":27727,"comment_status":"open","ping_status":"open","sticky":false,"template":"","format":"standard","meta":[],"categories":[11,39],"tags":[],"_links":{"self":[{"href":"http:\/\/www.portalmantena.com.br\/novo\/index.php?rest_route=\/wp\/v2\/posts\/27726"}],"collection":[{"href":"http:\/\/www.portalmantena.com.br\/novo\/index.php?rest_route=\/wp\/v2\/posts"}],"about":[{"href":"http:\/\/www.portalmantena.com.br\/novo\/index.php?rest_route=\/wp\/v2\/types\/post"}],"author":[{"embeddable":true,"href":"http:\/\/www.portalmantena.com.br\/novo\/index.php?rest_route=\/wp\/v2\/users\/1"}],"replies":[{"embeddable":true,"href":"http:\/\/www.portalmantena.com.br\/novo\/index.php?rest_route=%2Fwp%2Fv2%2Fcomments&post=27726"}],"version-history":[{"count":1,"href":"http:\/\/www.portalmantena.com.br\/novo\/index.php?rest_route=\/wp\/v2\/posts\/27726\/revisions"}],"predecessor-version":[{"id":27729,"href":"http:\/\/www.portalmantena.com.br\/novo\/index.php?rest_route=\/wp\/v2\/posts\/27726\/revisions\/27729"}],"wp:featuredmedia":[{"embeddable":true,"href":"http:\/\/www.portalmantena.com.br\/novo\/index.php?rest_route=\/wp\/v2\/media\/27727"}],"wp:attachment":[{"href":"http:\/\/www.portalmantena.com.br\/novo\/index.php?rest_route=%2Fwp%2Fv2%2Fmedia&parent=27726"}],"wp:term":[{"taxonomy":"category","embeddable":true,"href":"http:\/\/www.portalmantena.com.br\/novo\/index.php?rest_route=%2Fwp%2Fv2%2Fcategories&post=27726"},{"taxonomy":"post_tag","embeddable":true,"href":"http:\/\/www.portalmantena.com.br\/novo\/index.php?rest_route=%2Fwp%2Fv2%2Ftags&post=27726"}],"curies":[{"name":"wp","href":"https:\/\/api.w.org\/{rel}","templated":true}]}}