{"id":27722,"date":"2018-04-25T15:13:29","date_gmt":"2018-04-25T18:13:29","guid":{"rendered":"http:\/\/www.portalmantena.com.br\/novo\/?p=27722"},"modified":"2018-04-24T13:18:03","modified_gmt":"2018-04-24T16:18:03","slug":"duas-armas-de-fogo-sao-apreendidas-dentro-de-coletivo","status":"publish","type":"post","link":"http:\/\/www.portalmantena.com.br\/novo\/?p=27722","title":{"rendered":"Duas armas de fogo s\u00e3o apreendidas dentro de Coletivo"},"content":{"rendered":"<p><a href=\"http:\/\/www.portalmantena.com.br\/novo\/wp-content\/uploads\/2018\/04\/no240418saomateus2.jpg\"><img loading=\"lazy\" class=\"alignnone size-full wp-image-27723\" src=\"http:\/\/www.portalmantena.com.br\/novo\/wp-content\/uploads\/2018\/04\/no240418saomateus2.jpg\" alt=\"\" width=\"700\" height=\"450\" srcset=\"http:\/\/www.portalmantena.com.br\/novo\/wp-content\/uploads\/2018\/04\/no240418saomateus2.jpg 700w, http:\/\/www.portalmantena.com.br\/novo\/wp-content\/uploads\/2018\/04\/no240418saomateus2-300x193.jpg 300w, http:\/\/www.portalmantena.com.br\/novo\/wp-content\/uploads\/2018\/04\/no240418saomateus2-696x447.jpg 696w, http:\/\/www.portalmantena.com.br\/novo\/wp-content\/uploads\/2018\/04\/no240418saomateus2-653x420.jpg 653w\" sizes=\"(max-width: 700px) 100vw, 700px\" \/><\/a><\/p>\n<p><span style=\"font-size: 14pt;\">Na manh\u00e3 do \u00faltimo domingo (22 de abril), policiais militares do 13\u00ba Batalh\u00e3o realizaram abordagem a coletivo, no bairro Liberdade, na cidade capixaba de S\u00e3o Mateus.<\/span><\/p>\n<p><span style=\"font-size: 14pt;\"> Na ocasi\u00e3o apreenderam duas armas de arma de fogo e prenderam um suspeito. <\/span><\/p>\n<p><span style=\"font-size: 14pt;\">Ap\u00f3s den\u00fancia de que haveria pessoas armadas com rev\u00f3lveres em um \u00f4nibus que vinha do Festival do Caranguejo, ocorrido em Campo Grande, S\u00e3o Mateus, foi montado uma blitz, na altura do Bairro Liberdade, sendo realizada a devida abordagem ao coletivo e busca pessoal nos passageiros. <\/span><\/p>\n<p><span style=\"font-size: 14pt;\">Durante procedimento de buscas, os militares flagraram o momento em que um rapaz, posteriormente identificado como J.O.S.R., de 32 anos, dispensou um objeto atr\u00e1s da \u00faltima cadeira do \u00f4nibus. Nas buscas realizadas no ve\u00edculo, foram encontrados dois rev\u00f3lveres, um com seis e outro com cinco muni\u00e7\u00f5es intactas. <\/span><\/p>\n<p><span style=\"font-size: 14pt;\">O homem foi detido e encaminhado ao plant\u00e3o policial de S\u00e3o Mateus, com as armas apreendidas. (fonte\/foto:PM).<\/span><\/p>\n","protected":false},"excerpt":{"rendered":"<p>Na manh\u00e3 do \u00faltimo domingo (22 de abril), policiais militares do 13\u00ba Batalh\u00e3o realizaram abordagem a coletivo, no bairro Liberdade, na cidade capixaba de S\u00e3o Mateus. Na ocasi\u00e3o apreenderam duas armas de arma de fogo e prenderam um suspeito. Ap\u00f3s den\u00fancia de que haveria pessoas armadas com rev\u00f3lveres em um \u00f4nibus que vinha do Festival [&hellip;]<\/p>\n","protected":false},"author":1,"featured_media":27723,"comment_status":"open","ping_status":"open","sticky":false,"template":"","format":"standard","meta":[],"categories":[11,34],"tags":[],"_links":{"self":[{"href":"http:\/\/www.portalmantena.com.br\/novo\/index.php?rest_route=\/wp\/v2\/posts\/27722"}],"collection":[{"href":"http:\/\/www.portalmantena.com.br\/novo\/index.php?rest_route=\/wp\/v2\/posts"}],"about":[{"href":"http:\/\/www.portalmantena.com.br\/novo\/index.php?rest_route=\/wp\/v2\/types\/post"}],"author":[{"embeddable":true,"href":"http:\/\/www.portalmantena.com.br\/novo\/index.php?rest_route=\/wp\/v2\/users\/1"}],"replies":[{"embeddable":true,"href":"http:\/\/www.portalmantena.com.br\/novo\/index.php?rest_route=%2Fwp%2Fv2%2Fcomments&post=27722"}],"version-history":[{"count":1,"href":"http:\/\/www.portalmantena.com.br\/novo\/index.php?rest_route=\/wp\/v2\/posts\/27722\/revisions"}],"predecessor-version":[{"id":27724,"href":"http:\/\/www.portalmantena.com.br\/novo\/index.php?rest_route=\/wp\/v2\/posts\/27722\/revisions\/27724"}],"wp:featuredmedia":[{"embeddable":true,"href":"http:\/\/www.portalmantena.com.br\/novo\/index.php?rest_route=\/wp\/v2\/media\/27723"}],"wp:attachment":[{"href":"http:\/\/www.portalmantena.com.br\/novo\/index.php?rest_route=%2Fwp%2Fv2%2Fmedia&parent=27722"}],"wp:term":[{"taxonomy":"category","embeddable":true,"href":"http:\/\/www.portalmantena.com.br\/novo\/index.php?rest_route=%2Fwp%2Fv2%2Fcategories&post=27722"},{"taxonomy":"post_tag","embeddable":true,"href":"http:\/\/www.portalmantena.com.br\/novo\/index.php?rest_route=%2Fwp%2Fv2%2Ftags&post=27722"}],"curies":[{"name":"wp","href":"https:\/\/api.w.org\/{rel}","templated":true}]}}