{"id":27525,"date":"2018-04-20T09:50:56","date_gmt":"2018-04-20T12:50:56","guid":{"rendered":"http:\/\/www.portalmantena.com.br\/novo\/?p=27525"},"modified":"2018-04-20T09:57:17","modified_gmt":"2018-04-20T12:57:17","slug":"19abr-combate-a-focos-do-mosquito-da-dengue-segue-em-mantena","status":"publish","type":"post","link":"http:\/\/www.portalmantena.com.br\/novo\/?p=27525","title":{"rendered":"19ABR &#8211; Combate \u00e0 focos do mosquito da Dengue em Mantena"},"content":{"rendered":"<p><strong><a href=\"http:\/\/www.portalmantena.com.br\/novo\/wp-content\/uploads\/2017\/06\/diabaner-1.jpg\"><img loading=\"lazy\" class=\"alignnone size-full wp-image-8000\" src=\"http:\/\/www.portalmantena.com.br\/novo\/wp-content\/uploads\/2017\/06\/diabaner-1.jpg\" alt=\"\" width=\"650\" height=\"100\" srcset=\"http:\/\/www.portalmantena.com.br\/novo\/wp-content\/uploads\/2017\/06\/diabaner-1.jpg 650w, http:\/\/www.portalmantena.com.br\/novo\/wp-content\/uploads\/2017\/06\/diabaner-1-300x46.jpg 300w\" sizes=\"(max-width: 650px) 100vw, 650px\" \/><\/a><a href=\"http:\/\/www.portalmantena.com.br\/novo\/wp-content\/uploads\/2018\/04\/dia200418b.jpg\"><img loading=\"lazy\" class=\"alignnone size-full wp-image-27527\" src=\"http:\/\/www.portalmantena.com.br\/novo\/wp-content\/uploads\/2018\/04\/dia200418b.jpg\" alt=\"\" width=\"700\" height=\"450\" srcset=\"http:\/\/www.portalmantena.com.br\/novo\/wp-content\/uploads\/2018\/04\/dia200418b.jpg 700w, http:\/\/www.portalmantena.com.br\/novo\/wp-content\/uploads\/2018\/04\/dia200418b-300x193.jpg 300w, http:\/\/www.portalmantena.com.br\/novo\/wp-content\/uploads\/2018\/04\/dia200418b-696x447.jpg 696w, http:\/\/www.portalmantena.com.br\/novo\/wp-content\/uploads\/2018\/04\/dia200418b-653x420.jpg 653w\" sizes=\"(max-width: 700px) 100vw, 700px\" \/><\/a><\/strong><\/p>\n<p><strong>19 de Abril<\/strong>\u00a0&#8211;\u00a0 Focos do mosquito transmissor da Dengue est\u00e3o sendo encontrados em alguns locais em Mantena. O combate de isolamento de \u00e1reas e aos focos est\u00e1 sendo feito com o conhecido Fumac\u00ea, no entanto \u00e9 muito importante a participa\u00e7\u00e3o da popula\u00e7\u00e3o evitando locais que acumulam \u00e1gua.<\/p>\n","protected":false},"excerpt":{"rendered":"<p>19 de Abril\u00a0&#8211;\u00a0 Focos do mosquito transmissor da Dengue est\u00e3o sendo encontrados em alguns locais em Mantena. O combate de isolamento de \u00e1reas e aos focos est\u00e1 sendo feito com o conhecido Fumac\u00ea, no entanto \u00e9 muito importante a participa\u00e7\u00e3o da popula\u00e7\u00e3o evitando locais que acumulam \u00e1gua.<\/p>\n","protected":false},"author":1,"featured_media":27527,"comment_status":"open","ping_status":"open","sticky":false,"template":"","format":"standard","meta":[],"categories":[50],"tags":[],"_links":{"self":[{"href":"http:\/\/www.portalmantena.com.br\/novo\/index.php?rest_route=\/wp\/v2\/posts\/27525"}],"collection":[{"href":"http:\/\/www.portalmantena.com.br\/novo\/index.php?rest_route=\/wp\/v2\/posts"}],"about":[{"href":"http:\/\/www.portalmantena.com.br\/novo\/index.php?rest_route=\/wp\/v2\/types\/post"}],"author":[{"embeddable":true,"href":"http:\/\/www.portalmantena.com.br\/novo\/index.php?rest_route=\/wp\/v2\/users\/1"}],"replies":[{"embeddable":true,"href":"http:\/\/www.portalmantena.com.br\/novo\/index.php?rest_route=%2Fwp%2Fv2%2Fcomments&post=27525"}],"version-history":[{"count":2,"href":"http:\/\/www.portalmantena.com.br\/novo\/index.php?rest_route=\/wp\/v2\/posts\/27525\/revisions"}],"predecessor-version":[{"id":27531,"href":"http:\/\/www.portalmantena.com.br\/novo\/index.php?rest_route=\/wp\/v2\/posts\/27525\/revisions\/27531"}],"wp:featuredmedia":[{"embeddable":true,"href":"http:\/\/www.portalmantena.com.br\/novo\/index.php?rest_route=\/wp\/v2\/media\/27527"}],"wp:attachment":[{"href":"http:\/\/www.portalmantena.com.br\/novo\/index.php?rest_route=%2Fwp%2Fv2%2Fmedia&parent=27525"}],"wp:term":[{"taxonomy":"category","embeddable":true,"href":"http:\/\/www.portalmantena.com.br\/novo\/index.php?rest_route=%2Fwp%2Fv2%2Fcategories&post=27525"},{"taxonomy":"post_tag","embeddable":true,"href":"http:\/\/www.portalmantena.com.br\/novo\/index.php?rest_route=%2Fwp%2Fv2%2Ftags&post=27525"}],"curies":[{"name":"wp","href":"https:\/\/api.w.org\/{rel}","templated":true}]}}