{"id":27384,"date":"2018-04-19T11:18:59","date_gmt":"2018-04-19T14:18:59","guid":{"rendered":"http:\/\/www.portalmantena.com.br\/novo\/?p=27384"},"modified":"2018-04-19T11:18:59","modified_gmt":"2018-04-19T14:18:59","slug":"alunos-da-apae-realizam-atividade-na-feira-livre-em-mantena","status":"publish","type":"post","link":"http:\/\/www.portalmantena.com.br\/novo\/?p=27384","title":{"rendered":"Alunos da APAE realizam atividade na Feira Livre em Mantena"},"content":{"rendered":"<p><a href=\"http:\/\/www.portalmantena.com.br\/novo\/wp-content\/uploads\/2018\/04\/no190418apae1.jpg\"><img loading=\"lazy\" class=\"alignnone size-full wp-image-27389\" src=\"http:\/\/www.portalmantena.com.br\/novo\/wp-content\/uploads\/2018\/04\/no190418apae1.jpg\" alt=\"\" width=\"700\" height=\"450\" srcset=\"http:\/\/www.portalmantena.com.br\/novo\/wp-content\/uploads\/2018\/04\/no190418apae1.jpg 700w, http:\/\/www.portalmantena.com.br\/novo\/wp-content\/uploads\/2018\/04\/no190418apae1-300x193.jpg 300w, http:\/\/www.portalmantena.com.br\/novo\/wp-content\/uploads\/2018\/04\/no190418apae1-696x447.jpg 696w, http:\/\/www.portalmantena.com.br\/novo\/wp-content\/uploads\/2018\/04\/no190418apae1-653x420.jpg 653w\" sizes=\"(max-width: 700px) 100vw, 700px\" \/><\/a><\/p>\n<p><span style=\"font-size: 14pt;\">Em prepara\u00e7\u00e3o para o F\u00f3rum Local de Autogest\u00e3o, Autodefensoria e Fam\u00edlia que acontecer\u00e1 no pr\u00f3ximo dia 23 de abril na sede da APAE de Mantena com tema: A Cidadania da Pessoa com Defici\u00eancia Intelectual no munic\u00edpio de Mantena, os alunos da escolariza\u00e7\u00e3o de Jovens e Adultos da APAE fizeram uma visita \u00e0 feira livre da cidade. <\/span><\/p>\n<p><span style=\"font-size: 14pt;\">Na oportunidade eles entregaram panfletos que destacam atitudes positivas de inclus\u00e3o e fazendo uma pesquisa sobre o exerc\u00edcio da cidadania das pessoas com defici\u00eancia na cidade de Mantena. <\/span><\/p>\n<p><span style=\"font-size: 14pt;\">Ap\u00f3s as atividades os alunos se deliciaram com o tradicional pastel e caldo de cana e tamb\u00e9m fizeram uma visita a um supermercado situado no centro da cidade.\u00a0\u00a0<\/span><\/p>\n<p><span style=\"font-size: 14pt;\">Esta atividade contribuiu para que os alunos conhecessem mais um espa\u00e7o coletivo da cidade e pudessem interagir com a comunidade, esta a\u00e7\u00e3o \u00e9 essencial para o exerc\u00edcio da cidadania tanto das pessoas com defici\u00eancia como para a popula\u00e7\u00e3o, pois o direito a conviv\u00eancia com as diferen\u00e7as \u00e9 essencial para o processo de constru\u00e7\u00e3o e conquista da cidadania. (fonte\/foto:APAE).<\/span><\/p>\n<p><a href=\"http:\/\/www.portalmantena.com.br\/novo\/wp-content\/uploads\/2018\/04\/no190418apae2.jpg\"><img loading=\"lazy\" class=\"alignnone size-full wp-image-27390\" src=\"http:\/\/www.portalmantena.com.br\/novo\/wp-content\/uploads\/2018\/04\/no190418apae2.jpg\" alt=\"\" width=\"700\" height=\"450\" srcset=\"http:\/\/www.portalmantena.com.br\/novo\/wp-content\/uploads\/2018\/04\/no190418apae2.jpg 700w, http:\/\/www.portalmantena.com.br\/novo\/wp-content\/uploads\/2018\/04\/no190418apae2-300x193.jpg 300w, http:\/\/www.portalmantena.com.br\/novo\/wp-content\/uploads\/2018\/04\/no190418apae2-696x447.jpg 696w, http:\/\/www.portalmantena.com.br\/novo\/wp-content\/uploads\/2018\/04\/no190418apae2-653x420.jpg 653w\" sizes=\"(max-width: 700px) 100vw, 700px\" \/><\/a> <a href=\"http:\/\/www.portalmantena.com.br\/novo\/wp-content\/uploads\/2018\/04\/no190418apae3.jpg\"><img loading=\"lazy\" class=\"alignnone size-full wp-image-27391\" src=\"http:\/\/www.portalmantena.com.br\/novo\/wp-content\/uploads\/2018\/04\/no190418apae3.jpg\" alt=\"\" width=\"700\" height=\"450\" srcset=\"http:\/\/www.portalmantena.com.br\/novo\/wp-content\/uploads\/2018\/04\/no190418apae3.jpg 700w, http:\/\/www.portalmantena.com.br\/novo\/wp-content\/uploads\/2018\/04\/no190418apae3-300x193.jpg 300w, http:\/\/www.portalmantena.com.br\/novo\/wp-content\/uploads\/2018\/04\/no190418apae3-696x447.jpg 696w, http:\/\/www.portalmantena.com.br\/novo\/wp-content\/uploads\/2018\/04\/no190418apae3-653x420.jpg 653w\" sizes=\"(max-width: 700px) 100vw, 700px\" \/><\/a> <a href=\"http:\/\/www.portalmantena.com.br\/novo\/wp-content\/uploads\/2018\/04\/no190418apae4.jpg\"><img loading=\"lazy\" class=\"alignnone size-full wp-image-27392\" src=\"http:\/\/www.portalmantena.com.br\/novo\/wp-content\/uploads\/2018\/04\/no190418apae4.jpg\" alt=\"\" width=\"700\" height=\"450\" srcset=\"http:\/\/www.portalmantena.com.br\/novo\/wp-content\/uploads\/2018\/04\/no190418apae4.jpg 700w, http:\/\/www.portalmantena.com.br\/novo\/wp-content\/uploads\/2018\/04\/no190418apae4-300x193.jpg 300w, http:\/\/www.portalmantena.com.br\/novo\/wp-content\/uploads\/2018\/04\/no190418apae4-696x447.jpg 696w, http:\/\/www.portalmantena.com.br\/novo\/wp-content\/uploads\/2018\/04\/no190418apae4-653x420.jpg 653w\" sizes=\"(max-width: 700px) 100vw, 700px\" \/><\/a> <a href=\"http:\/\/www.portalmantena.com.br\/novo\/wp-content\/uploads\/2018\/04\/no190418apae5.jpg\"><img loading=\"lazy\" class=\"alignnone size-full wp-image-27393\" src=\"http:\/\/www.portalmantena.com.br\/novo\/wp-content\/uploads\/2018\/04\/no190418apae5.jpg\" alt=\"\" width=\"700\" height=\"450\" srcset=\"http:\/\/www.portalmantena.com.br\/novo\/wp-content\/uploads\/2018\/04\/no190418apae5.jpg 700w, http:\/\/www.portalmantena.com.br\/novo\/wp-content\/uploads\/2018\/04\/no190418apae5-300x193.jpg 300w, http:\/\/www.portalmantena.com.br\/novo\/wp-content\/uploads\/2018\/04\/no190418apae5-696x447.jpg 696w, http:\/\/www.portalmantena.com.br\/novo\/wp-content\/uploads\/2018\/04\/no190418apae5-653x420.jpg 653w\" sizes=\"(max-width: 700px) 100vw, 700px\" \/><\/a> <a href=\"http:\/\/www.portalmantena.com.br\/novo\/wp-content\/uploads\/2018\/04\/no190418apae6.jpg\"><img loading=\"lazy\" class=\"alignnone size-full wp-image-27394\" src=\"http:\/\/www.portalmantena.com.br\/novo\/wp-content\/uploads\/2018\/04\/no190418apae6.jpg\" alt=\"\" width=\"700\" height=\"450\" srcset=\"http:\/\/www.portalmantena.com.br\/novo\/wp-content\/uploads\/2018\/04\/no190418apae6.jpg 700w, http:\/\/www.portalmantena.com.br\/novo\/wp-content\/uploads\/2018\/04\/no190418apae6-300x193.jpg 300w, http:\/\/www.portalmantena.com.br\/novo\/wp-content\/uploads\/2018\/04\/no190418apae6-696x447.jpg 696w, http:\/\/www.portalmantena.com.br\/novo\/wp-content\/uploads\/2018\/04\/no190418apae6-653x420.jpg 653w\" sizes=\"(max-width: 700px) 100vw, 700px\" \/><\/a><\/p>\n","protected":false},"excerpt":{"rendered":"<p>Em prepara\u00e7\u00e3o para o F\u00f3rum Local de Autogest\u00e3o, Autodefensoria e Fam\u00edlia que acontecer\u00e1 no pr\u00f3ximo dia 23 de abril na sede da APAE de Mantena com tema: A Cidadania da Pessoa com Defici\u00eancia Intelectual no munic\u00edpio de Mantena, os alunos da escolariza\u00e7\u00e3o de Jovens e Adultos da APAE fizeram uma visita \u00e0 feira livre da [&hellip;]<\/p>\n","protected":false},"author":1,"featured_media":27389,"comment_status":"open","ping_status":"open","sticky":false,"template":"","format":"standard","meta":[],"categories":[36,11],"tags":[],"_links":{"self":[{"href":"http:\/\/www.portalmantena.com.br\/novo\/index.php?rest_route=\/wp\/v2\/posts\/27384"}],"collection":[{"href":"http:\/\/www.portalmantena.com.br\/novo\/index.php?rest_route=\/wp\/v2\/posts"}],"about":[{"href":"http:\/\/www.portalmantena.com.br\/novo\/index.php?rest_route=\/wp\/v2\/types\/post"}],"author":[{"embeddable":true,"href":"http:\/\/www.portalmantena.com.br\/novo\/index.php?rest_route=\/wp\/v2\/users\/1"}],"replies":[{"embeddable":true,"href":"http:\/\/www.portalmantena.com.br\/novo\/index.php?rest_route=%2Fwp%2Fv2%2Fcomments&post=27384"}],"version-history":[{"count":1,"href":"http:\/\/www.portalmantena.com.br\/novo\/index.php?rest_route=\/wp\/v2\/posts\/27384\/revisions"}],"predecessor-version":[{"id":27395,"href":"http:\/\/www.portalmantena.com.br\/novo\/index.php?rest_route=\/wp\/v2\/posts\/27384\/revisions\/27395"}],"wp:featuredmedia":[{"embeddable":true,"href":"http:\/\/www.portalmantena.com.br\/novo\/index.php?rest_route=\/wp\/v2\/media\/27389"}],"wp:attachment":[{"href":"http:\/\/www.portalmantena.com.br\/novo\/index.php?rest_route=%2Fwp%2Fv2%2Fmedia&parent=27384"}],"wp:term":[{"taxonomy":"category","embeddable":true,"href":"http:\/\/www.portalmantena.com.br\/novo\/index.php?rest_route=%2Fwp%2Fv2%2Fcategories&post=27384"},{"taxonomy":"post_tag","embeddable":true,"href":"http:\/\/www.portalmantena.com.br\/novo\/index.php?rest_route=%2Fwp%2Fv2%2Ftags&post=27384"}],"curies":[{"name":"wp","href":"https:\/\/api.w.org\/{rel}","templated":true}]}}