{"id":27379,"date":"2018-04-19T09:28:54","date_gmt":"2018-04-19T12:28:54","guid":{"rendered":"http:\/\/www.portalmantena.com.br\/novo\/?p=27379"},"modified":"2018-04-19T09:28:54","modified_gmt":"2018-04-19T12:28:54","slug":"18abr-aulas-retornam-apos-greve-na-escola-dona-raimunda-duque","status":"publish","type":"post","link":"http:\/\/www.portalmantena.com.br\/novo\/?p=27379","title":{"rendered":"18ABR &#8211; Aulas retornam ap\u00f3s Greve na Escola Dona Raimunda Duque"},"content":{"rendered":"<p><a href=\"http:\/\/www.portalmantena.com.br\/novo\/wp-content\/uploads\/2018\/04\/dia190418a.jpg\"><strong><a href=\"http:\/\/www.portalmantena.com.br\/novo\/wp-content\/uploads\/2017\/06\/diabaner-1.jpg\"><img loading=\"lazy\" class=\"alignnone size-full wp-image-8000\" src=\"http:\/\/www.portalmantena.com.br\/novo\/wp-content\/uploads\/2017\/06\/diabaner-1.jpg\" alt=\"\" width=\"650\" height=\"100\" srcset=\"http:\/\/www.portalmantena.com.br\/novo\/wp-content\/uploads\/2017\/06\/diabaner-1.jpg 650w, http:\/\/www.portalmantena.com.br\/novo\/wp-content\/uploads\/2017\/06\/diabaner-1-300x46.jpg 300w\" sizes=\"(max-width: 650px) 100vw, 650px\" \/><\/a><\/strong><img loading=\"lazy\" class=\"alignnone size-full wp-image-27380\" src=\"http:\/\/www.portalmantena.com.br\/novo\/wp-content\/uploads\/2018\/04\/dia190418a.jpg\" alt=\"\" width=\"700\" height=\"450\" srcset=\"http:\/\/www.portalmantena.com.br\/novo\/wp-content\/uploads\/2018\/04\/dia190418a.jpg 700w, http:\/\/www.portalmantena.com.br\/novo\/wp-content\/uploads\/2018\/04\/dia190418a-300x193.jpg 300w, http:\/\/www.portalmantena.com.br\/novo\/wp-content\/uploads\/2018\/04\/dia190418a-696x447.jpg 696w, http:\/\/www.portalmantena.com.br\/novo\/wp-content\/uploads\/2018\/04\/dia190418a-653x420.jpg 653w\" sizes=\"(max-width: 700px) 100vw, 700px\" \/><\/a><\/p>\n<p><strong>18 de Abril<\/strong>\u00a0&#8211;\u00a0\u00a0Aviso fixado no port\u00e3o da Escola Estadual Dona Raimunda Duque em Mantena informa o retorno das aulas ap\u00f3s fim da Greve dos Professores e servidores estaduais. No cartaz a informa\u00e7\u00e3o &#8220;A Escola Estadual Dona Raimunda Duque, comunica aos pais e respons\u00e1veis que as aulas letivas retornar\u00e3o amanh\u00e3, quinta-feira dia 19 de Abril&#8221;.<\/p>\n","protected":false},"excerpt":{"rendered":"<p>18 de Abril\u00a0&#8211;\u00a0\u00a0Aviso fixado no port\u00e3o da Escola Estadual Dona Raimunda Duque em Mantena informa o retorno das aulas ap\u00f3s fim da Greve dos Professores e servidores estaduais. No cartaz a informa\u00e7\u00e3o &#8220;A Escola Estadual Dona Raimunda Duque, comunica aos pais e respons\u00e1veis que as aulas letivas retornar\u00e3o amanh\u00e3, quinta-feira dia 19 de Abril&#8221;.<\/p>\n","protected":false},"author":1,"featured_media":27380,"comment_status":"open","ping_status":"open","sticky":false,"template":"","format":"standard","meta":[],"categories":[50],"tags":[],"_links":{"self":[{"href":"http:\/\/www.portalmantena.com.br\/novo\/index.php?rest_route=\/wp\/v2\/posts\/27379"}],"collection":[{"href":"http:\/\/www.portalmantena.com.br\/novo\/index.php?rest_route=\/wp\/v2\/posts"}],"about":[{"href":"http:\/\/www.portalmantena.com.br\/novo\/index.php?rest_route=\/wp\/v2\/types\/post"}],"author":[{"embeddable":true,"href":"http:\/\/www.portalmantena.com.br\/novo\/index.php?rest_route=\/wp\/v2\/users\/1"}],"replies":[{"embeddable":true,"href":"http:\/\/www.portalmantena.com.br\/novo\/index.php?rest_route=%2Fwp%2Fv2%2Fcomments&post=27379"}],"version-history":[{"count":1,"href":"http:\/\/www.portalmantena.com.br\/novo\/index.php?rest_route=\/wp\/v2\/posts\/27379\/revisions"}],"predecessor-version":[{"id":27382,"href":"http:\/\/www.portalmantena.com.br\/novo\/index.php?rest_route=\/wp\/v2\/posts\/27379\/revisions\/27382"}],"wp:featuredmedia":[{"embeddable":true,"href":"http:\/\/www.portalmantena.com.br\/novo\/index.php?rest_route=\/wp\/v2\/media\/27380"}],"wp:attachment":[{"href":"http:\/\/www.portalmantena.com.br\/novo\/index.php?rest_route=%2Fwp%2Fv2%2Fmedia&parent=27379"}],"wp:term":[{"taxonomy":"category","embeddable":true,"href":"http:\/\/www.portalmantena.com.br\/novo\/index.php?rest_route=%2Fwp%2Fv2%2Fcategories&post=27379"},{"taxonomy":"post_tag","embeddable":true,"href":"http:\/\/www.portalmantena.com.br\/novo\/index.php?rest_route=%2Fwp%2Fv2%2Ftags&post=27379"}],"curies":[{"name":"wp","href":"https:\/\/api.w.org\/{rel}","templated":true}]}}