{"id":27362,"date":"2018-04-19T08:23:08","date_gmt":"2018-04-19T11:23:08","guid":{"rendered":"http:\/\/www.portalmantena.com.br\/novo\/?p=27362"},"modified":"2018-04-19T08:24:35","modified_gmt":"2018-04-19T11:24:35","slug":"quatro-armas-de-fogo-sao-apreendidas-pela-ambiental-em-mantena","status":"publish","type":"post","link":"http:\/\/www.portalmantena.com.br\/novo\/?p=27362","title":{"rendered":"Quatro armas de fogo s\u00e3o apreendidas pela Ambiental em Mantena"},"content":{"rendered":"<p><a href=\"http:\/\/www.portalmantena.com.br\/novo\/wp-content\/uploads\/2018\/04\/no190418ambiente1.jpg\"><img loading=\"lazy\" class=\"alignnone size-full wp-image-27363\" src=\"http:\/\/www.portalmantena.com.br\/novo\/wp-content\/uploads\/2018\/04\/no190418ambiente1.jpg\" alt=\"\" width=\"700\" height=\"450\" srcset=\"http:\/\/www.portalmantena.com.br\/novo\/wp-content\/uploads\/2018\/04\/no190418ambiente1.jpg 700w, http:\/\/www.portalmantena.com.br\/novo\/wp-content\/uploads\/2018\/04\/no190418ambiente1-300x193.jpg 300w, http:\/\/www.portalmantena.com.br\/novo\/wp-content\/uploads\/2018\/04\/no190418ambiente1-696x447.jpg 696w, http:\/\/www.portalmantena.com.br\/novo\/wp-content\/uploads\/2018\/04\/no190418ambiente1-653x420.jpg 653w\" sizes=\"(max-width: 700px) 100vw, 700px\" \/><\/a><\/p>\n<p><span style=\"font-size: 14pt;\">A pol\u00edcia militar de Meio Ambiente de Mantena vem realizando opera\u00e7\u00f5es de fiscaliza\u00e7\u00e3o e monitoramento na zona rural do munic\u00edpio de Mantena, combatendo v\u00e1rios crimes ambientais. <\/span><\/p>\n<p><span style=\"font-size: 14pt;\">E foi durante uma destas opera\u00e7\u00f5es de combate \u00e0 ca\u00e7a e captura de animais silvestres realizada na regi\u00e3o de Barra do Ariranha, que a equipe composta pelo Sargento Edwalter e Soldado Vitor obteve \u00eaxito na apreens\u00e3o de quatro armas de fogo, que normalmente s\u00e3o usadas na ca\u00e7a ilegal. <\/span><\/p>\n<p><span style=\"font-size: 14pt;\">Os autores n\u00e3o foram localizados. A pol\u00edcia ambiental est\u00e1 atenta e novas opera\u00e7\u00f5es deram realizadas na zonal rural com o foco voltado para os crimes contra o meio ambiente e outros que incomodam os produtores rurais e a pr\u00f3pria comunidade. (fonte\/foto:PM).<\/span><\/p>\n<p><a href=\"http:\/\/www.portalmantena.com.br\/novo\/wp-content\/uploads\/2018\/04\/no190418ambiente2.jpg\"><img loading=\"lazy\" class=\"alignnone size-full wp-image-27364\" src=\"http:\/\/www.portalmantena.com.br\/novo\/wp-content\/uploads\/2018\/04\/no190418ambiente2.jpg\" alt=\"\" width=\"700\" height=\"450\" srcset=\"http:\/\/www.portalmantena.com.br\/novo\/wp-content\/uploads\/2018\/04\/no190418ambiente2.jpg 700w, http:\/\/www.portalmantena.com.br\/novo\/wp-content\/uploads\/2018\/04\/no190418ambiente2-300x193.jpg 300w, http:\/\/www.portalmantena.com.br\/novo\/wp-content\/uploads\/2018\/04\/no190418ambiente2-696x447.jpg 696w, http:\/\/www.portalmantena.com.br\/novo\/wp-content\/uploads\/2018\/04\/no190418ambiente2-653x420.jpg 653w\" sizes=\"(max-width: 700px) 100vw, 700px\" \/><\/a><\/p>\n","protected":false},"excerpt":{"rendered":"<p>A pol\u00edcia militar de Meio Ambiente de Mantena vem realizando opera\u00e7\u00f5es de fiscaliza\u00e7\u00e3o e monitoramento na zona rural do munic\u00edpio de Mantena, combatendo v\u00e1rios crimes ambientais. E foi durante uma destas opera\u00e7\u00f5es de combate \u00e0 ca\u00e7a e captura de animais silvestres realizada na regi\u00e3o de Barra do Ariranha, que a equipe composta pelo Sargento Edwalter [&hellip;]<\/p>\n","protected":false},"author":1,"featured_media":27364,"comment_status":"open","ping_status":"open","sticky":false,"template":"","format":"standard","meta":[],"categories":[12,34],"tags":[],"_links":{"self":[{"href":"http:\/\/www.portalmantena.com.br\/novo\/index.php?rest_route=\/wp\/v2\/posts\/27362"}],"collection":[{"href":"http:\/\/www.portalmantena.com.br\/novo\/index.php?rest_route=\/wp\/v2\/posts"}],"about":[{"href":"http:\/\/www.portalmantena.com.br\/novo\/index.php?rest_route=\/wp\/v2\/types\/post"}],"author":[{"embeddable":true,"href":"http:\/\/www.portalmantena.com.br\/novo\/index.php?rest_route=\/wp\/v2\/users\/1"}],"replies":[{"embeddable":true,"href":"http:\/\/www.portalmantena.com.br\/novo\/index.php?rest_route=%2Fwp%2Fv2%2Fcomments&post=27362"}],"version-history":[{"count":1,"href":"http:\/\/www.portalmantena.com.br\/novo\/index.php?rest_route=\/wp\/v2\/posts\/27362\/revisions"}],"predecessor-version":[{"id":27365,"href":"http:\/\/www.portalmantena.com.br\/novo\/index.php?rest_route=\/wp\/v2\/posts\/27362\/revisions\/27365"}],"wp:featuredmedia":[{"embeddable":true,"href":"http:\/\/www.portalmantena.com.br\/novo\/index.php?rest_route=\/wp\/v2\/media\/27364"}],"wp:attachment":[{"href":"http:\/\/www.portalmantena.com.br\/novo\/index.php?rest_route=%2Fwp%2Fv2%2Fmedia&parent=27362"}],"wp:term":[{"taxonomy":"category","embeddable":true,"href":"http:\/\/www.portalmantena.com.br\/novo\/index.php?rest_route=%2Fwp%2Fv2%2Fcategories&post=27362"},{"taxonomy":"post_tag","embeddable":true,"href":"http:\/\/www.portalmantena.com.br\/novo\/index.php?rest_route=%2Fwp%2Fv2%2Ftags&post=27362"}],"curies":[{"name":"wp","href":"https:\/\/api.w.org\/{rel}","templated":true}]}}