{"id":27355,"date":"2018-04-19T08:15:19","date_gmt":"2018-04-19T11:15:19","guid":{"rendered":"http:\/\/www.portalmantena.com.br\/novo\/?p=27355"},"modified":"2018-04-19T08:17:14","modified_gmt":"2018-04-19T11:17:14","slug":"pms-sao-surpreendidos-por-crianca-que-deseja-ser-policial","status":"publish","type":"post","link":"http:\/\/www.portalmantena.com.br\/novo\/?p=27355","title":{"rendered":"PMs s\u00e3o surpreendidos por crian\u00e7a que deseja ser policial"},"content":{"rendered":"<p><a href=\"http:\/\/www.portalmantena.com.br\/novo\/wp-content\/uploads\/2018\/04\/no190418wender.jpg\"><img loading=\"lazy\" class=\"alignnone size-full wp-image-27356\" src=\"http:\/\/www.portalmantena.com.br\/novo\/wp-content\/uploads\/2018\/04\/no190418wender.jpg\" alt=\"\" width=\"700\" height=\"450\" srcset=\"http:\/\/www.portalmantena.com.br\/novo\/wp-content\/uploads\/2018\/04\/no190418wender.jpg 700w, http:\/\/www.portalmantena.com.br\/novo\/wp-content\/uploads\/2018\/04\/no190418wender-300x193.jpg 300w, http:\/\/www.portalmantena.com.br\/novo\/wp-content\/uploads\/2018\/04\/no190418wender-696x447.jpg 696w, http:\/\/www.portalmantena.com.br\/novo\/wp-content\/uploads\/2018\/04\/no190418wender-653x420.jpg 653w\" sizes=\"(max-width: 700px) 100vw, 700px\" \/><\/a><\/p>\n<p><span style=\"font-size: 14pt;\">Uma daquelas gratas surpresas e reconhecimento pela profiss\u00e3o, que emociona qualquer adulto principalmente quando vem do cora\u00e7\u00e3o puro de uma crian\u00e7as. <\/span><\/p>\n<p><span style=\"font-size: 14pt;\">Foi assim que o policial Militar mantenense Sub Tenente Wender sentiu na noite desta quarta-feira quando foi pego de surpresa na porta da sede da 18\u00aa Cia PM ind, ao receber uma fam\u00edlia que estava chamando. <\/span><\/p>\n<p><span style=\"font-size: 14pt;\">De acordo com o relato do policial, <strong><em>\u201cao anoitecer Benjamim chegou Fardado na Companhia de Pol\u00edcia e nos surpreendeu! Ele disse: &#8220;Eu quero ser policial&#8221;. Felizes, mostramos para ele a viatura policial. Ele pediu para tocar a sirene; permitimos. Ele ficou feliz! O que nos emociona \u00e9 saber que nosso trabalho tem conquistado o carinho e respeito das crian\u00e7as e de suas fam\u00edlias. Para n\u00f3s que juramos servir e proteger, ver atitude como a de Benjamim, sinaliza que estamos no caminho certo!\u201d<\/em><\/strong>, disse o militar, narrando este belo e emocionante fato em sua rede social. <\/span><\/p>\n<p><span style=\"font-size: 14pt;\">Realmente \u00e9 assim mesmo que acontecem os mais singelos reconhecimentos, e em Mantena existem sim profiss\u00f5es que merecem todo reconhecimento, e uma delas \u00e9 a dedica\u00e7\u00e3o de muitos militares que colocam suas vidas em favor da comunidade, de promover a seguran\u00e7a de todos.<\/span><\/p>\n<p><a href=\"http:\/\/www.portalmantena.com.br\/novo\/wp-content\/uploads\/2018\/04\/no190418wender2.jpg\"><img loading=\"lazy\" class=\"alignnone size-full wp-image-27357\" src=\"http:\/\/www.portalmantena.com.br\/novo\/wp-content\/uploads\/2018\/04\/no190418wender2.jpg\" alt=\"\" width=\"700\" height=\"450\" srcset=\"http:\/\/www.portalmantena.com.br\/novo\/wp-content\/uploads\/2018\/04\/no190418wender2.jpg 700w, http:\/\/www.portalmantena.com.br\/novo\/wp-content\/uploads\/2018\/04\/no190418wender2-300x193.jpg 300w, http:\/\/www.portalmantena.com.br\/novo\/wp-content\/uploads\/2018\/04\/no190418wender2-696x447.jpg 696w, http:\/\/www.portalmantena.com.br\/novo\/wp-content\/uploads\/2018\/04\/no190418wender2-653x420.jpg 653w\" sizes=\"(max-width: 700px) 100vw, 700px\" \/><\/a> <a href=\"http:\/\/www.portalmantena.com.br\/novo\/wp-content\/uploads\/2018\/04\/no190418wender3.jpg\"><img loading=\"lazy\" class=\"alignnone size-full wp-image-27358\" src=\"http:\/\/www.portalmantena.com.br\/novo\/wp-content\/uploads\/2018\/04\/no190418wender3.jpg\" alt=\"\" width=\"700\" height=\"450\" srcset=\"http:\/\/www.portalmantena.com.br\/novo\/wp-content\/uploads\/2018\/04\/no190418wender3.jpg 700w, http:\/\/www.portalmantena.com.br\/novo\/wp-content\/uploads\/2018\/04\/no190418wender3-300x193.jpg 300w, http:\/\/www.portalmantena.com.br\/novo\/wp-content\/uploads\/2018\/04\/no190418wender3-696x447.jpg 696w, http:\/\/www.portalmantena.com.br\/novo\/wp-content\/uploads\/2018\/04\/no190418wender3-653x420.jpg 653w\" sizes=\"(max-width: 700px) 100vw, 700px\" \/><\/a><\/p>\n","protected":false},"excerpt":{"rendered":"<p>Uma daquelas gratas surpresas e reconhecimento pela profiss\u00e3o, que emociona qualquer adulto principalmente quando vem do cora\u00e7\u00e3o puro de uma crian\u00e7as. Foi assim que o policial Militar mantenense Sub Tenente Wender sentiu na noite desta quarta-feira quando foi pego de surpresa na porta da sede da 18\u00aa Cia PM ind, ao receber uma fam\u00edlia que [&hellip;]<\/p>\n","protected":false},"author":1,"featured_media":27357,"comment_status":"open","ping_status":"open","sticky":false,"template":"","format":"standard","meta":[],"categories":[36,11],"tags":[],"_links":{"self":[{"href":"http:\/\/www.portalmantena.com.br\/novo\/index.php?rest_route=\/wp\/v2\/posts\/27355"}],"collection":[{"href":"http:\/\/www.portalmantena.com.br\/novo\/index.php?rest_route=\/wp\/v2\/posts"}],"about":[{"href":"http:\/\/www.portalmantena.com.br\/novo\/index.php?rest_route=\/wp\/v2\/types\/post"}],"author":[{"embeddable":true,"href":"http:\/\/www.portalmantena.com.br\/novo\/index.php?rest_route=\/wp\/v2\/users\/1"}],"replies":[{"embeddable":true,"href":"http:\/\/www.portalmantena.com.br\/novo\/index.php?rest_route=%2Fwp%2Fv2%2Fcomments&post=27355"}],"version-history":[{"count":3,"href":"http:\/\/www.portalmantena.com.br\/novo\/index.php?rest_route=\/wp\/v2\/posts\/27355\/revisions"}],"predecessor-version":[{"id":27361,"href":"http:\/\/www.portalmantena.com.br\/novo\/index.php?rest_route=\/wp\/v2\/posts\/27355\/revisions\/27361"}],"wp:featuredmedia":[{"embeddable":true,"href":"http:\/\/www.portalmantena.com.br\/novo\/index.php?rest_route=\/wp\/v2\/media\/27357"}],"wp:attachment":[{"href":"http:\/\/www.portalmantena.com.br\/novo\/index.php?rest_route=%2Fwp%2Fv2%2Fmedia&parent=27355"}],"wp:term":[{"taxonomy":"category","embeddable":true,"href":"http:\/\/www.portalmantena.com.br\/novo\/index.php?rest_route=%2Fwp%2Fv2%2Fcategories&post=27355"},{"taxonomy":"post_tag","embeddable":true,"href":"http:\/\/www.portalmantena.com.br\/novo\/index.php?rest_route=%2Fwp%2Fv2%2Ftags&post=27355"}],"curies":[{"name":"wp","href":"https:\/\/api.w.org\/{rel}","templated":true}]}}