{"id":27347,"date":"2018-04-18T13:26:46","date_gmt":"2018-04-18T16:26:46","guid":{"rendered":"http:\/\/www.portalmantena.com.br\/novo\/?p=27347"},"modified":"2018-04-18T13:26:46","modified_gmt":"2018-04-18T16:26:46","slug":"carreta-de-empresa-francisquense-tomba-em-colatina","status":"publish","type":"post","link":"http:\/\/www.portalmantena.com.br\/novo\/?p=27347","title":{"rendered":"Carreta de empresa francisquense tomba em Colatina"},"content":{"rendered":"<p><a href=\"http:\/\/www.portalmantena.com.br\/novo\/wp-content\/uploads\/2018\/04\/no180418carreta1.jpg\"><img loading=\"lazy\" class=\"alignnone size-full wp-image-27348\" src=\"http:\/\/www.portalmantena.com.br\/novo\/wp-content\/uploads\/2018\/04\/no180418carreta1.jpg\" alt=\"\" width=\"700\" height=\"450\" srcset=\"http:\/\/www.portalmantena.com.br\/novo\/wp-content\/uploads\/2018\/04\/no180418carreta1.jpg 700w, http:\/\/www.portalmantena.com.br\/novo\/wp-content\/uploads\/2018\/04\/no180418carreta1-300x193.jpg 300w, http:\/\/www.portalmantena.com.br\/novo\/wp-content\/uploads\/2018\/04\/no180418carreta1-696x447.jpg 696w, http:\/\/www.portalmantena.com.br\/novo\/wp-content\/uploads\/2018\/04\/no180418carreta1-653x420.jpg 653w\" sizes=\"(max-width: 700px) 100vw, 700px\" \/><\/a><\/p>\n<p><span style=\"font-size: 14pt;\">Uma carreta que transporta rochas ornamentais, de uma empresa instalada no munic\u00edpio de Barra de S\u00e3o Francisco, tombou \u00e0s margens da rodovia ES 080 no munic\u00edpio de Colatina na manh\u00e3 desta quarta-feira dia 18 de abril. <\/span><\/p>\n<p><span style=\"font-size: 14pt;\">Segundo informa\u00e7\u00f5es, o motorista foi levado para atendimento m\u00e9dico em um hospital na cidade de Colatina, por\u00e9m n\u00e3o foi informado seu estado de sa\u00fade, no entanto a informa\u00e7\u00e3o que circulou pelas redes sociais \u00e9 que ele n\u00e3o havia se ferido gravemente. <\/span><\/p>\n<p><span style=\"font-size: 14pt;\">A pol\u00edcia militar rodovi\u00e1ria foi acionada e compareceu no local, sinalizando o trecho em que o ve\u00edculo tombou. <\/span><\/p>\n<p><span style=\"font-size: 14pt;\">Ainda n\u00e3o se sabe o que provocou o acidente, a carreta tombou do lado direito da rodovia e por pouco n\u00e3o veio a capotar. (fotos:redesocial\/Whatsapp).<\/span><\/p>\n<p><a href=\"http:\/\/www.portalmantena.com.br\/novo\/wp-content\/uploads\/2018\/04\/no180418carreta2.jpg\"><img loading=\"lazy\" class=\"alignnone size-full wp-image-27349\" src=\"http:\/\/www.portalmantena.com.br\/novo\/wp-content\/uploads\/2018\/04\/no180418carreta2.jpg\" alt=\"\" width=\"700\" height=\"450\" srcset=\"http:\/\/www.portalmantena.com.br\/novo\/wp-content\/uploads\/2018\/04\/no180418carreta2.jpg 700w, http:\/\/www.portalmantena.com.br\/novo\/wp-content\/uploads\/2018\/04\/no180418carreta2-300x193.jpg 300w, http:\/\/www.portalmantena.com.br\/novo\/wp-content\/uploads\/2018\/04\/no180418carreta2-696x447.jpg 696w, http:\/\/www.portalmantena.com.br\/novo\/wp-content\/uploads\/2018\/04\/no180418carreta2-653x420.jpg 653w\" sizes=\"(max-width: 700px) 100vw, 700px\" \/><\/a><\/p>\n","protected":false},"excerpt":{"rendered":"<p>Uma carreta que transporta rochas ornamentais, de uma empresa instalada no munic\u00edpio de Barra de S\u00e3o Francisco, tombou \u00e0s margens da rodovia ES 080 no munic\u00edpio de Colatina na manh\u00e3 desta quarta-feira dia 18 de abril. Segundo informa\u00e7\u00f5es, o motorista foi levado para atendimento m\u00e9dico em um hospital na cidade de Colatina, por\u00e9m n\u00e3o foi [&hellip;]<\/p>\n","protected":false},"author":1,"featured_media":27348,"comment_status":"open","ping_status":"open","sticky":false,"template":"","format":"standard","meta":[],"categories":[11,39],"tags":[],"_links":{"self":[{"href":"http:\/\/www.portalmantena.com.br\/novo\/index.php?rest_route=\/wp\/v2\/posts\/27347"}],"collection":[{"href":"http:\/\/www.portalmantena.com.br\/novo\/index.php?rest_route=\/wp\/v2\/posts"}],"about":[{"href":"http:\/\/www.portalmantena.com.br\/novo\/index.php?rest_route=\/wp\/v2\/types\/post"}],"author":[{"embeddable":true,"href":"http:\/\/www.portalmantena.com.br\/novo\/index.php?rest_route=\/wp\/v2\/users\/1"}],"replies":[{"embeddable":true,"href":"http:\/\/www.portalmantena.com.br\/novo\/index.php?rest_route=%2Fwp%2Fv2%2Fcomments&post=27347"}],"version-history":[{"count":1,"href":"http:\/\/www.portalmantena.com.br\/novo\/index.php?rest_route=\/wp\/v2\/posts\/27347\/revisions"}],"predecessor-version":[{"id":27350,"href":"http:\/\/www.portalmantena.com.br\/novo\/index.php?rest_route=\/wp\/v2\/posts\/27347\/revisions\/27350"}],"wp:featuredmedia":[{"embeddable":true,"href":"http:\/\/www.portalmantena.com.br\/novo\/index.php?rest_route=\/wp\/v2\/media\/27348"}],"wp:attachment":[{"href":"http:\/\/www.portalmantena.com.br\/novo\/index.php?rest_route=%2Fwp%2Fv2%2Fmedia&parent=27347"}],"wp:term":[{"taxonomy":"category","embeddable":true,"href":"http:\/\/www.portalmantena.com.br\/novo\/index.php?rest_route=%2Fwp%2Fv2%2Fcategories&post=27347"},{"taxonomy":"post_tag","embeddable":true,"href":"http:\/\/www.portalmantena.com.br\/novo\/index.php?rest_route=%2Fwp%2Fv2%2Ftags&post=27347"}],"curies":[{"name":"wp","href":"https:\/\/api.w.org\/{rel}","templated":true}]}}